{"id":73691,"date":"2019-03-13T16:03:28","date_gmt":"2019-03-13T15:03:28","guid":{"rendered":"https:\/\/zjarr.tv\/?p=73691"},"modified":"2019-03-13T16:03:28","modified_gmt":"2019-03-13T15:03:28","slug":"venezuele-uji-ndotet-me-vaj","status":"publish","type":"post","link":"https:\/\/zjarr.tv\/en\/venezuele-uji-ndotet-me-vaj\/","title":{"rendered":"Venezuel\u00eb, uji ndotet me vaj"},"content":{"rendered":"<p>Banor\u00ebt e Venezuel\u00ebs jan\u00eb zgjuar sot p\u00ebr t\u00eb gjetur ujin e\u00a0 tyre, totalisht t\u00eb zi, n\u00eb kriz\u00ebn m\u00eb t\u00eb fundit q\u00eb goditi kombin e Amerik\u00ebs s\u00eb Jugut. Banor\u00ebt e San Diegos, n\u00eb shtetin e Karabobo, mbush\u00ebn mediat sociale me foto dhe video t\u00eb ujit, nd\u00ebrkoh\u00eb q\u00eb nuk munguan supozimet q\u00eb mund t\u00eb jet\u00eb ndotur me vaj.<br \/>\nQyteti ka vuajtur prej koh\u00ebsh munges\u00ebn e ujit , nj\u00eb situat\u00eb\u00a0 e p\u00ebrkeq\u00ebsuar nga mungesa e energjis\u00eb elektrike, e cila \u00ebsht\u00eb nd\u00ebrprer\u00eb n\u00eb disa zona, shprehen gazetar\u00ebt lokal\u00eb. \u201cSituata e munges\u00ebs s\u00eb ujit n\u00eb San Diego \u00ebsht\u00eb e tmerrshme.\u201d-tha nj\u00eb gazetar lokal n\u00eb Twitter.<\/p>\n<p>&nbsp;<\/p>\n<p>&nbsp;<\/p>","protected":false},"excerpt":{"rendered":"<p>Banor\u00ebt e Venezuel\u00ebs jan\u00eb zgjuar sot p\u00ebr t\u00eb gjetur ujin e\u00a0 tyre, totalisht t\u00eb zi, n\u00eb kriz\u00ebn m\u00eb t\u00eb fundit q\u00eb goditi kombin e Amerik\u00ebs s\u00eb Jugut. Banor\u00ebt e San Diegos, n\u00eb shtetin e Karabobo, mbush\u00ebn mediat sociale me foto dhe video t\u00eb ujit, nd\u00ebrkoh\u00eb q\u00eb nuk munguan supozimet q\u00eb mund t\u00eb jet\u00eb ndotur me [&hellip;]<\/p>\n","protected":false},"author":2013,"featured_media":0,"comment_status":"open","ping_status":"closed","sticky":false,"template":"","format":"standard","meta":{"footnotes":""},"categories":[241,191],"tags":[],"class_list":{"0":"post-73691","1":"post","2":"type-post","3":"status-publish","4":"format-standard","6":"category-aktualitet","7":"category-bota"},"_links":{"self":[{"href":"https:\/\/zjarr.tv\/en\/wp-json\/wp\/v2\/posts\/73691","targetHints":{"allow":["GET"]}}],"collection":[{"href":"https:\/\/zjarr.tv\/en\/wp-json\/wp\/v2\/posts"}],"about":[{"href":"https:\/\/zjarr.tv\/en\/wp-json\/wp\/v2\/types\/post"}],"author":[{"embeddable":true,"href":"https:\/\/zjarr.tv\/en\/wp-json\/wp\/v2\/users\/2013"}],"replies":[{"embeddable":true,"href":"https:\/\/zjarr.tv\/en\/wp-json\/wp\/v2\/comments?post=73691"}],"version-history":[{"count":0,"href":"https:\/\/zjarr.tv\/en\/wp-json\/wp\/v2\/posts\/73691\/revisions"}],"wp:attachment":[{"href":"https:\/\/zjarr.tv\/en\/wp-json\/wp\/v2\/media?parent=73691"}],"wp:term":[{"taxonomy":"category","embeddable":true,"href":"https:\/\/zjarr.tv\/en\/wp-json\/wp\/v2\/categories?post=73691"},{"taxonomy":"post_tag","embeddable":true,"href":"https:\/\/zjarr.tv\/en\/wp-json\/wp\/v2\/tags?post=73691"}],"curies":[{"name":"wp","href":"https:\/\/api.w.org\/{rel}","templated":true}]}}