{"id":73720,"date":"2019-03-13T17:07:26","date_gmt":"2019-03-13T16:07:26","guid":{"rendered":"https:\/\/zjarr.tv\/?p=73720"},"modified":"2019-03-13T17:07:26","modified_gmt":"2019-03-13T16:07:26","slug":"film-biografik-per-nene-terezen-pritet-te-lancohet-ne-2020","status":"publish","type":"post","link":"https:\/\/zjarr.tv\/en\/film-biografik-per-nene-terezen-pritet-te-lancohet-ne-2020\/","title":{"rendered":"Film biografik p\u00ebr N\u00ebn\u00eb Terez\u00ebn, pritet t\u00eb lan\u00e7ohet n\u00eb 2020"},"content":{"rendered":"<p>Bollywood po planifikon nj\u00eb film biografik p\u00ebr laureaten e \u00e7mimit Nobel p\u00ebr Paqe, N\u00ebn\u00eb Terez\u00ebn, q\u00eb \u00a0pritet t\u00eb lan\u00e7ohet n\u00eb vitin 2020. Si\u00e7 njofton gazeta indiane \u201cHindustanTimes\u201d, \u00a0n\u00eb filmin e regjisores Seema Upadhyay do t\u00eb luajn\u00eb aktor\u00eb indian\u00eb dhe nd\u00ebrkomb\u00ebtar\u00eb. Filmi do t\u00eb prodhohet nga Praeep Sharma, Nitin Mahnmohan, Girish Johar dhe Prachi Manmohan. K\u00ebta t\u00eb fundit, raporton gazeta, jan\u00eb takuar me motr\u00ebn Prema Mary Pierick dhe kan\u00eb marr\u00eb miratimin e saj p\u00ebr t\u00eb nisur biografin\u00eb p\u00ebr N\u00ebn\u00eb Terez\u00ebn. Prodhuesit e k\u00ebtij filmi biografik p\u00ebr N\u00ebn\u00ebn Terez\u00eb, thon\u00eb se jan\u00eb t\u00eb k\u00ebnaqur t\u00eb bashk\u00ebpunojn\u00eb p\u00ebr t\u00eb dh\u00ebn\u00eb mesazhe se si Tereza shfaqi n\u00eb gjith\u00eb bot\u00ebn fisnik\u00ebrin\u00eb dhe bamir\u00ebsin\u00eb e saj. Filmi \u00ebsht\u00eb n\u00eb proces t\u00eb finalizimit dhe besojn\u00eb se deri n\u00eb fund t\u00eb 2019-\u00ebs do t\u00eb jet\u00eb gati, e n\u00eb 2020 do t\u00eb lan\u00e7ohet. N\u00ebn\u00eb Tereza, emri i s\u00eb cil\u00ebs ishte Anjez\u00eb Gonxhe Bojaxhiu, lindi n\u00eb Shkup m\u00eb 26 gusht t\u00eb vitit 1910 dhe vdiq m\u00eb 5 shtator 1997 n\u00eb Kalkuta, (Indi). Humanistja e njohur me origjin\u00eb shqiptare, fituese e \u00e7mimit Nobel p\u00ebr Paqen, m\u00eb 19 tetor t\u00eb vitit 2003 u shpall e \u201cLumturuar\u201d nga Papa Gjon Pali II, si simbol i ndihm\u00ebs dhe rrespektit p\u00ebr \u201cm\u00eb t\u00eb varf\u00ebrit e t\u00eb varf\u00ebrve\u201d, t\u00eb cil\u00ebve ajo iu kushtoi gjithe jet\u00ebn. Nd\u00ebrsa me 4 Shtator 2016, Papa Francesku e shpalli shenjtore.<\/p>\n<p>&nbsp;<\/p>","protected":false},"excerpt":{"rendered":"<p>Bollywood po planifikon nj\u00eb film biografik p\u00ebr laureaten e \u00e7mimit Nobel p\u00ebr Paqe, N\u00ebn\u00eb Terez\u00ebn, q\u00eb \u00a0pritet t\u00eb lan\u00e7ohet n\u00eb vitin 2020. Si\u00e7 njofton gazeta indiane \u201cHindustanTimes\u201d, \u00a0n\u00eb filmin e regjisores Seema Upadhyay do t\u00eb luajn\u00eb aktor\u00eb indian\u00eb dhe nd\u00ebrkomb\u00ebtar\u00eb. Filmi do t\u00eb prodhohet nga Praeep Sharma, Nitin Mahnmohan, Girish Johar dhe Prachi Manmohan. K\u00ebta [&hellip;]<\/p>\n","protected":false},"author":2013,"featured_media":47051,"comment_status":"open","ping_status":"closed","sticky":false,"template":"","format":"standard","meta":{"footnotes":""},"categories":[241,191],"tags":[],"class_list":{"0":"post-73720","1":"post","2":"type-post","3":"status-publish","4":"format-standard","5":"has-post-thumbnail","7":"category-aktualitet","8":"category-bota"},"_links":{"self":[{"href":"https:\/\/zjarr.tv\/en\/wp-json\/wp\/v2\/posts\/73720","targetHints":{"allow":["GET"]}}],"collection":[{"href":"https:\/\/zjarr.tv\/en\/wp-json\/wp\/v2\/posts"}],"about":[{"href":"https:\/\/zjarr.tv\/en\/wp-json\/wp\/v2\/types\/post"}],"author":[{"embeddable":true,"href":"https:\/\/zjarr.tv\/en\/wp-json\/wp\/v2\/users\/2013"}],"replies":[{"embeddable":true,"href":"https:\/\/zjarr.tv\/en\/wp-json\/wp\/v2\/comments?post=73720"}],"version-history":[{"count":0,"href":"https:\/\/zjarr.tv\/en\/wp-json\/wp\/v2\/posts\/73720\/revisions"}],"wp:featuredmedia":[{"embeddable":true,"href":"https:\/\/zjarr.tv\/en\/wp-json\/wp\/v2\/media\/47051"}],"wp:attachment":[{"href":"https:\/\/zjarr.tv\/en\/wp-json\/wp\/v2\/media?parent=73720"}],"wp:term":[{"taxonomy":"category","embeddable":true,"href":"https:\/\/zjarr.tv\/en\/wp-json\/wp\/v2\/categories?post=73720"},{"taxonomy":"post_tag","embeddable":true,"href":"https:\/\/zjarr.tv\/en\/wp-json\/wp\/v2\/tags?post=73720"}],"curies":[{"name":"wp","href":"https:\/\/api.w.org\/{rel}","templated":true}]}}