{"id":73722,"date":"2019-03-13T17:19:43","date_gmt":"2019-03-13T16:19:43","guid":{"rendered":"https:\/\/zjarr.tv\/?p=73722"},"modified":"2019-03-13T17:19:43","modified_gmt":"2019-03-13T16:19:43","slug":"veseli-japonia-mbeshtet-kosoven","status":"publish","type":"post","link":"https:\/\/zjarr.tv\/en\/veseli-japonia-mbeshtet-kosoven\/","title":{"rendered":"Veseli: Japonia mb\u00ebshtet Kosov\u00ebn"},"content":{"rendered":"<p>Kryetari i Kuvendit t\u00eb Kosov\u00ebs, Kadri Veseli, ndodhet n\u00eb nj\u00eb vizit\u00eb zyrtare n\u00eb Japoni, ku \u00ebsht\u00eb takuar me Ministrin e Pun\u00ebve t\u00eb Jashtme, Taro Kono. N\u00eb k\u00ebt\u00eb takim kryeparlamentari ka marr\u00eb konfirmimin e Japonis\u00eb p\u00ebr mb\u00ebshtje t\u00eb Kosov\u00ebs. P\u00ebrmes nj\u00eb statusi n\u00eb rrjetin social Facebook, Veseli shkruan se Kosova \u00ebhst\u00eb duke ecur me hapa t\u00eb shpejt drejte subjektivitetit nd\u00ebrkomb\u00ebtar.<\/p>\n<p>\u201cKosova \u00ebsht\u00eb duke l\u00ebvizur pandalsh\u00ebm n\u00eb procesin e fuqizimit t\u00eb subjektivitetit t\u00eb vet nd\u00ebrkomb\u00ebtar. N\u00eb k\u00ebt\u00eb drejtim, Ministri i Pun\u00ebve t\u00eb Jashtme t\u00eb Japonis\u00eb, Taro Kono, m\u00eb konfirmoi mb\u00ebshtetjen e sigurt t\u00eb Qeveris\u00eb japoneze. Kosova \u00ebsht\u00eb e bekuar me mb\u00ebshtetjen q\u00eb ka prej demokracive t\u00eb m\u00ebdha t\u00eb bot\u00ebs\u201d.<\/p>\n<p>&nbsp;<\/p>","protected":false},"excerpt":{"rendered":"<p>Kryetari i Kuvendit t\u00eb Kosov\u00ebs, Kadri Veseli, ndodhet n\u00eb nj\u00eb vizit\u00eb zyrtare n\u00eb Japoni, ku \u00ebsht\u00eb takuar me Ministrin e Pun\u00ebve t\u00eb Jashtme, Taro Kono. N\u00eb k\u00ebt\u00eb takim kryeparlamentari ka marr\u00eb konfirmimin e Japonis\u00eb p\u00ebr mb\u00ebshtje t\u00eb Kosov\u00ebs. P\u00ebrmes nj\u00eb statusi n\u00eb rrjetin social Facebook, Veseli shkruan se Kosova \u00ebhst\u00eb duke ecur me hapa t\u00eb [&hellip;]<\/p>\n","protected":false},"author":2013,"featured_media":68784,"comment_status":"open","ping_status":"closed","sticky":false,"template":"","format":"standard","meta":{"footnotes":""},"categories":[241,2],"tags":[],"class_list":{"0":"post-73722","1":"post","2":"type-post","3":"status-publish","4":"format-standard","5":"has-post-thumbnail","7":"category-aktualitet","8":"category-rajoni"},"_links":{"self":[{"href":"https:\/\/zjarr.tv\/en\/wp-json\/wp\/v2\/posts\/73722","targetHints":{"allow":["GET"]}}],"collection":[{"href":"https:\/\/zjarr.tv\/en\/wp-json\/wp\/v2\/posts"}],"about":[{"href":"https:\/\/zjarr.tv\/en\/wp-json\/wp\/v2\/types\/post"}],"author":[{"embeddable":true,"href":"https:\/\/zjarr.tv\/en\/wp-json\/wp\/v2\/users\/2013"}],"replies":[{"embeddable":true,"href":"https:\/\/zjarr.tv\/en\/wp-json\/wp\/v2\/comments?post=73722"}],"version-history":[{"count":0,"href":"https:\/\/zjarr.tv\/en\/wp-json\/wp\/v2\/posts\/73722\/revisions"}],"wp:featuredmedia":[{"embeddable":true,"href":"https:\/\/zjarr.tv\/en\/wp-json\/wp\/v2\/media\/68784"}],"wp:attachment":[{"href":"https:\/\/zjarr.tv\/en\/wp-json\/wp\/v2\/media?parent=73722"}],"wp:term":[{"taxonomy":"category","embeddable":true,"href":"https:\/\/zjarr.tv\/en\/wp-json\/wp\/v2\/categories?post=73722"},{"taxonomy":"post_tag","embeddable":true,"href":"https:\/\/zjarr.tv\/en\/wp-json\/wp\/v2\/tags?post=73722"}],"curies":[{"name":"wp","href":"https:\/\/api.w.org\/{rel}","templated":true}]}}