{"id":73724,"date":"2019-03-13T17:24:01","date_gmt":"2019-03-13T16:24:01","guid":{"rendered":"https:\/\/zjarr.tv\/?p=73724"},"modified":"2019-03-13T17:24:01","modified_gmt":"2019-03-13T16:24:01","slug":"spanja-rasti-i-kosoves-dhe-katalonjes-jo-i-krahasushem","status":"publish","type":"post","link":"https:\/\/zjarr.tv\/en\/spanja-rasti-i-kosoves-dhe-katalonjes-jo-i-krahasushem\/","title":{"rendered":"Spanja: Rasti i Kosov\u00ebs dhe Katalonj\u00ebs jo i krahasush\u00ebm"},"content":{"rendered":"<p>Ministri i Jasht\u00ebm i Spanj\u00ebs, Josep Borell deklaroi n\u00eb Beograd se rasti i Kosov\u00ebs dhe ai i Katalonj\u00ebs nuk \u00ebsht\u00eb i krahasuesh\u00ebm sepse si\u00e7 tha ai, t\u00eb dyja situatat nuk kan\u00eb lidhje me nj\u00ebra tjetr\u00ebn.<\/p>\n<p>\u201cK\u00ebto dy situata nuk kan\u00eb t\u00eb b\u00ebjn\u00eb fare me nj\u00ebra-tjetr\u00ebn. Ajo q\u00eb ndodhi n\u00eb Kosov\u00eb nuk ka t\u00eb b\u00ebj\u00eb fare me gjendjen e Katalonj\u00ebs\u201d tha ministri i Jasht\u00ebm spanjoll i pyetur nga Radio Evropa e Lir\u00eb n\u00ebse \u00ebsht\u00eb \u00e7\u00ebshtja e Katalonj\u00ebs arsye pse Spanja nuk e njeh Kosov\u00ebn. Pas bisedimeve me presidentin e Serbis\u00eb, Aleksandar Vu\u00e7i\u00e7 dhe ministrin e Jasht\u00ebm serb, Ivica Da\u00e7i\u00e7, shefi i diplomacis\u00eb spanjolle tha se vendi i tij, kund\u00ebrshton pavar\u00ebsin\u00eb e Kosov\u00ebs por edhe k\u00ebrkon zgjidhje kompromisi n\u00eb kuad\u00ebr t\u00eb dialogut mes Beogradit dhe Prishtin\u00ebs.<\/p>\n<p>\u201cI p\u00ebrs\u00ebrit\u00ebm presidentit dhe ministrit t\u00eb Jasht\u00ebm q\u00ebndrimin e Spanj\u00ebs p\u00ebr mospranimin e shpalljes s\u00eb nj\u00ebanshme t\u00eb pavar\u00ebsis\u00eb s\u00eb Kosov\u00ebs. N\u00eb t\u00eb nj\u00ebjt\u00ebn koh\u00eb mendojm\u00eb se vet\u00ebm p\u00ebrmes dialogut mund t\u00eb vij\u00eb deri te nj\u00eb zgjidhje e kompromisit n\u00eb k\u00ebt\u00eb \u00e7\u00ebshtje\u201d, tha Borel n\u00eb nj\u00eb konferenc\u00eb p\u00ebr media.<\/p>\n<p>Nga kabineti i presidentit Vu\u00e7i\u00e7 \u00ebsht\u00eb njoftuar se gjat\u00eb takimit ai ka th\u00ebn\u00eb se Serbia sillet me p\u00ebrgjegj\u00ebsi sepse ka p\u00ebrmbushur t\u00eb gjitha obligimet nga marr\u00ebveshjet e Brukselit.<br \/>\n\u201cPrishtina n\u00eb nd\u00ebrkoh\u00eb me platform\u00ebn e dialogut ka treguar se \u00ebsht\u00eb kund\u00ebr dialogut\u201d, ka th\u00ebn\u00eb Vu\u00e7i\u00e7.<\/p>\n<p>N\u00eb njoftim thuhet se Borel, i cili po q\u00ebndron p\u00ebr vizit\u00eb n\u00eb Serbi, ka th\u00ebn\u00eb se njohja e Kosov\u00ebs \u00ebsht\u00eb e papranueshme pasi \u201c\u00ebsht\u00eb kund\u00ebr t\u00eb drejt\u00ebs nd\u00ebrkomb\u00ebtare\u201d.<\/p>\n<p>&nbsp;<\/p>","protected":false},"excerpt":{"rendered":"<p>Ministri i Jasht\u00ebm i Spanj\u00ebs, Josep Borell deklaroi n\u00eb Beograd se rasti i Kosov\u00ebs dhe ai i Katalonj\u00ebs nuk \u00ebsht\u00eb i krahasuesh\u00ebm sepse si\u00e7 tha ai, t\u00eb dyja situatat nuk kan\u00eb lidhje me nj\u00ebra tjetr\u00ebn. \u201cK\u00ebto dy situata nuk kan\u00eb t\u00eb b\u00ebjn\u00eb fare me nj\u00ebra-tjetr\u00ebn. Ajo q\u00eb ndodhi n\u00eb Kosov\u00eb nuk ka t\u00eb b\u00ebj\u00eb fare [&hellip;]<\/p>\n","protected":false},"author":2013,"featured_media":0,"comment_status":"open","ping_status":"closed","sticky":false,"template":"","format":"standard","meta":{"footnotes":""},"categories":[241,191],"tags":[],"class_list":{"0":"post-73724","1":"post","2":"type-post","3":"status-publish","4":"format-standard","6":"category-aktualitet","7":"category-bota"},"_links":{"self":[{"href":"https:\/\/zjarr.tv\/en\/wp-json\/wp\/v2\/posts\/73724","targetHints":{"allow":["GET"]}}],"collection":[{"href":"https:\/\/zjarr.tv\/en\/wp-json\/wp\/v2\/posts"}],"about":[{"href":"https:\/\/zjarr.tv\/en\/wp-json\/wp\/v2\/types\/post"}],"author":[{"embeddable":true,"href":"https:\/\/zjarr.tv\/en\/wp-json\/wp\/v2\/users\/2013"}],"replies":[{"embeddable":true,"href":"https:\/\/zjarr.tv\/en\/wp-json\/wp\/v2\/comments?post=73724"}],"version-history":[{"count":0,"href":"https:\/\/zjarr.tv\/en\/wp-json\/wp\/v2\/posts\/73724\/revisions"}],"wp:attachment":[{"href":"https:\/\/zjarr.tv\/en\/wp-json\/wp\/v2\/media?parent=73724"}],"wp:term":[{"taxonomy":"category","embeddable":true,"href":"https:\/\/zjarr.tv\/en\/wp-json\/wp\/v2\/categories?post=73724"},{"taxonomy":"post_tag","embeddable":true,"href":"https:\/\/zjarr.tv\/en\/wp-json\/wp\/v2\/tags?post=73724"}],"curies":[{"name":"wp","href":"https:\/\/api.w.org\/{rel}","templated":true}]}}