{"id":73727,"date":"2019-03-13T17:26:41","date_gmt":"2019-03-13T16:26:41","guid":{"rendered":"https:\/\/zjarr.tv\/?p=73727"},"modified":"2019-03-13T17:26:41","modified_gmt":"2019-03-13T16:26:41","slug":"dacic-serbia-do-te-nderhyje-ne-mitrovice-nese-sulmohen-serbet","status":"publish","type":"post","link":"https:\/\/zjarr.tv\/en\/dacic-serbia-do-te-nderhyje-ne-mitrovice-nese-sulmohen-serbet\/","title":{"rendered":"Da\u00e7i\u00e7: Serbia do t\u00eb nd\u00ebrhyj\u00eb n\u00eb Mitrovic\u00eb n\u00ebse sulmohen serb\u00ebt"},"content":{"rendered":"<p>Ministri i Jasht\u00ebm serb dhe z\u00ebvend\u00ebskryeministri i par\u00eb Ivica Da\u00e7i\u00e7, ka deklaruar se Serbia nuk do t\u00eb hesht\u00eb, pas planeve t\u00eb autoriteteve t\u00eb Kosov\u00ebs sipas mediave serbe, p\u00ebr t\u00eb nd\u00ebrhyr\u00eb n\u00eb minier\u00ebn e Trep\u00e7\u00ebs.<\/p>\n<p><em>&#8220;T\u00eb gjith\u00eb e din\u00eb mir\u00eb se askush nuk duhet t\u00eb luaj me zjarrin dhe t\u00eb pres\u00eb q\u00eb Serbia t\u00eb mos reagoj\u00eb. Serbia do t\u00eb reagoj\u00eb&#8221;,<\/em>\u00a0u tha Da\u00e7i\u00e7 gazetar\u00ebve n\u00eb p\u00ebrgjigje t\u00eb pyetjeve rreth raporteve se autoritetet kosovare kan\u00eb planifikuar q\u00eb t\u00eb m\u00ebsyjn\u00eb n\u00eb kompleksin e minier\u00ebs s\u00eb Trep\u00e7\u00ebs.<\/p>\n<p>Da\u00e7i\u00e7 u k\u00ebrkoi t\u00eb gjitha pal\u00ebve t\u00eb p\u00ebrfshira t\u00eb jen\u00eb t\u00eb kujdessh\u00ebm q\u00eb t\u00eb mos provokojn\u00eb Serbin\u00eb. Sa i p\u00ebrket operacionit t\u00eb raportuar t\u00eb policis\u00eb s\u00eb Kosov\u00ebs n\u00eb pjes\u00ebn veriore, e banuar kryesisht nga serb\u00ebt dhe e quajtur &#8220;unaza e \u00e7elikut&#8221;, Da\u00e7i\u00e7 tha se Serbia ka paralajm\u00ebruar KFOR-n dhe NATO-n se do t\u00eb nd\u00ebrhyj\u00eb n\u00ebse serb\u00ebt sulmohen n\u00eb Kosov\u00eb.<\/p>\n<p><em>&#8220;Serbia nuk do t\u00eb lejoj\u00eb nj\u00eb sulm ndaj serb\u00ebve n\u00eb veri t\u00eb Kosov\u00ebs. Sigurisht, nuk do t\u00eb lejojm\u00eb nj\u00eb sulm (mbi serb\u00ebt) kudo n\u00eb Kosov\u00eb &#8211; por veriu \u00ebsht\u00eb obsesioni i tyre&#8221;,<\/em>\u00a0tha kryediplomati serb.<\/p>\n<p>Ai tha gjithashtu se Serbia nuk do t\u00eb ishte pjes\u00eb e problemit dhe nuk do t\u00eb bashkohej me Prishtin\u00ebn n\u00eb marrjen e vendimeve t\u00eb nj\u00ebanshme t\u00eb ndryshme. Da\u00e7i\u00e7 tha se platforma e Parlamentit t\u00eb Kosov\u00ebs p\u00ebr dialog me Beogradin ishte n\u00eb fakt kund\u00ebr dialogut dhe se ishte nj\u00eb ultimatum p\u00ebr Serbin\u00eb dhe se Beogradi nuk ka nd\u00ebrmend t\u00eb vler\u00ebsoj\u00eb di\u00e7ka t\u00eb till\u00eb.<\/p>\n<p>&nbsp;<\/p>","protected":false},"excerpt":{"rendered":"<p>Ministri i Jasht\u00ebm serb dhe z\u00ebvend\u00ebskryeministri i par\u00eb Ivica Da\u00e7i\u00e7, ka deklaruar se Serbia nuk do t\u00eb hesht\u00eb, pas planeve t\u00eb autoriteteve t\u00eb Kosov\u00ebs sipas mediave serbe, p\u00ebr t\u00eb nd\u00ebrhyr\u00eb n\u00eb minier\u00ebn e Trep\u00e7\u00ebs. &#8220;T\u00eb gjith\u00eb e din\u00eb mir\u00eb se askush nuk duhet t\u00eb luaj me zjarrin dhe t\u00eb pres\u00eb q\u00eb Serbia t\u00eb mos reagoj\u00eb. [&hellip;]<\/p>\n","protected":false},"author":2013,"featured_media":50656,"comment_status":"open","ping_status":"closed","sticky":false,"template":"","format":"standard","meta":{"footnotes":""},"categories":[241,2],"tags":[],"class_list":{"0":"post-73727","1":"post","2":"type-post","3":"status-publish","4":"format-standard","5":"has-post-thumbnail","7":"category-aktualitet","8":"category-rajoni"},"_links":{"self":[{"href":"https:\/\/zjarr.tv\/en\/wp-json\/wp\/v2\/posts\/73727","targetHints":{"allow":["GET"]}}],"collection":[{"href":"https:\/\/zjarr.tv\/en\/wp-json\/wp\/v2\/posts"}],"about":[{"href":"https:\/\/zjarr.tv\/en\/wp-json\/wp\/v2\/types\/post"}],"author":[{"embeddable":true,"href":"https:\/\/zjarr.tv\/en\/wp-json\/wp\/v2\/users\/2013"}],"replies":[{"embeddable":true,"href":"https:\/\/zjarr.tv\/en\/wp-json\/wp\/v2\/comments?post=73727"}],"version-history":[{"count":0,"href":"https:\/\/zjarr.tv\/en\/wp-json\/wp\/v2\/posts\/73727\/revisions"}],"wp:featuredmedia":[{"embeddable":true,"href":"https:\/\/zjarr.tv\/en\/wp-json\/wp\/v2\/media\/50656"}],"wp:attachment":[{"href":"https:\/\/zjarr.tv\/en\/wp-json\/wp\/v2\/media?parent=73727"}],"wp:term":[{"taxonomy":"category","embeddable":true,"href":"https:\/\/zjarr.tv\/en\/wp-json\/wp\/v2\/categories?post=73727"},{"taxonomy":"post_tag","embeddable":true,"href":"https:\/\/zjarr.tv\/en\/wp-json\/wp\/v2\/tags?post=73727"}],"curies":[{"name":"wp","href":"https:\/\/api.w.org\/{rel}","templated":true}]}}