{"id":73729,"date":"2019-03-13T17:32:11","date_gmt":"2019-03-13T16:32:11","guid":{"rendered":"https:\/\/zjarr.tv\/?p=73729"},"modified":"2019-03-13T17:32:11","modified_gmt":"2019-03-13T16:32:11","slug":"studentet-hungareze-padisin-fakultetin-nuk-duan-te-mesojne-ne-gjuhen-serbe","status":"publish","type":"post","link":"https:\/\/zjarr.tv\/en\/studentet-hungareze-padisin-fakultetin-nuk-duan-te-mesojne-ne-gjuhen-serbe\/","title":{"rendered":"Student\u00ebt hungarez\u00eb padisin fakultetin, nuk duan t\u00eb m\u00ebsojn\u00eb n\u00eb gjuh\u00ebn serbe"},"content":{"rendered":"<p>Gjykata e Apelit e Serbis\u00eb e ka d\u00ebnuar Fakultetin Juridik n\u00eb Novi Sad p\u00ebr diskriminim. Lidhja e Nx\u00ebn\u00ebsve Hungarez\u00eb e Vojvodin\u00ebs shpreh\u00eb pak\u00ebnaq\u00ebsi se jan\u00eb t\u00eb detyruar ta m\u00ebsojn\u00eb gjuh\u00ebn serbe.<\/p>\n<p>Vendimin e Fakultetit Juridik n\u00eb Novi Sad q\u00eb prej k\u00ebtij viti shkollor t\u2019i detyroj\u00eb student\u00ebt ta japin provimin pranues t\u00eb gjuh\u00ebs serbe, Gjykata e Apelit n\u00eb Novi Sad e ka karakterizuar me vendim t\u00eb form\u00ebs s\u00eb prer\u00eb, si diskriminues. N\u00eb rastin konkret, si diskriminues doli t\u00eb jet\u00eb edhe Ligji i Arsimit i Serbis\u00eb i cili parasheh kontrollin e njohjes s\u00eb gjuh\u00ebs serbe n\u00eb provimet pranuese.<\/p>\n<p>Aktgjykimi i Gjykat\u00ebs s\u00eb Apelit s\u00eb Serbis\u00eb \u00ebsht\u00eb marr\u00eb n\u00eb baz\u00eb t\u00eb padis\u00eb s\u00eb dyfisht\u00eb t\u00eb organizat\u00ebs joqeveritare t\u00eb Lidhjes s\u00eb Nx\u00ebn\u00ebsve Hungarez\u00eb t\u00eb Vojvodin\u00ebs. P\u00ebr her\u00eb t\u00eb par\u00eb kjo organizat\u00eb e ka paditur Fakultetin Juridik n\u00eb vitin 2015 p\u00ebr shkak t\u00eb diskriminimit, gjegj\u00ebsisht pamund\u00ebsis\u00eb s\u00eb student\u00ebve t\u00eb japin provimin pranues n\u00eb gjuh\u00ebn e tyre amtare.<\/p>","protected":false},"excerpt":{"rendered":"<p>Gjykata e Apelit e Serbis\u00eb e ka d\u00ebnuar Fakultetin Juridik n\u00eb Novi Sad p\u00ebr diskriminim. Lidhja e Nx\u00ebn\u00ebsve Hungarez\u00eb e Vojvodin\u00ebs shpreh\u00eb pak\u00ebnaq\u00ebsi se jan\u00eb t\u00eb detyruar ta m\u00ebsojn\u00eb gjuh\u00ebn serbe. Vendimin e Fakultetit Juridik n\u00eb Novi Sad q\u00eb prej k\u00ebtij viti shkollor t\u2019i detyroj\u00eb student\u00ebt ta japin provimin pranues t\u00eb gjuh\u00ebs serbe, Gjykata e [&hellip;]<\/p>\n","protected":false},"author":2013,"featured_media":0,"comment_status":"open","ping_status":"closed","sticky":false,"template":"","format":"standard","meta":{"footnotes":""},"categories":[241,191],"tags":[],"class_list":{"0":"post-73729","1":"post","2":"type-post","3":"status-publish","4":"format-standard","6":"category-aktualitet","7":"category-bota"},"_links":{"self":[{"href":"https:\/\/zjarr.tv\/en\/wp-json\/wp\/v2\/posts\/73729","targetHints":{"allow":["GET"]}}],"collection":[{"href":"https:\/\/zjarr.tv\/en\/wp-json\/wp\/v2\/posts"}],"about":[{"href":"https:\/\/zjarr.tv\/en\/wp-json\/wp\/v2\/types\/post"}],"author":[{"embeddable":true,"href":"https:\/\/zjarr.tv\/en\/wp-json\/wp\/v2\/users\/2013"}],"replies":[{"embeddable":true,"href":"https:\/\/zjarr.tv\/en\/wp-json\/wp\/v2\/comments?post=73729"}],"version-history":[{"count":0,"href":"https:\/\/zjarr.tv\/en\/wp-json\/wp\/v2\/posts\/73729\/revisions"}],"wp:attachment":[{"href":"https:\/\/zjarr.tv\/en\/wp-json\/wp\/v2\/media?parent=73729"}],"wp:term":[{"taxonomy":"category","embeddable":true,"href":"https:\/\/zjarr.tv\/en\/wp-json\/wp\/v2\/categories?post=73729"},{"taxonomy":"post_tag","embeddable":true,"href":"https:\/\/zjarr.tv\/en\/wp-json\/wp\/v2\/tags?post=73729"}],"curies":[{"name":"wp","href":"https:\/\/api.w.org\/{rel}","templated":true}]}}