{"id":73744,"date":"2019-03-13T17:59:38","date_gmt":"2019-03-13T16:59:38","guid":{"rendered":"https:\/\/zjarr.tv\/?p=73744"},"modified":"2019-03-13T17:59:38","modified_gmt":"2019-03-13T16:59:38","slug":"qelloi-me-gure-policin-ne-proteste-arrest-shtepie-per-zyrtarin-e-ballshit","status":"publish","type":"post","link":"https:\/\/zjarr.tv\/en\/qelloi-me-gure-policin-ne-proteste-arrest-shtepie-per-zyrtarin-e-ballshit\/","title":{"rendered":"Q\u00eblloi me gur\u00eb policin n\u00eb protest\u00eb, arrest sht\u00ebpie p\u00ebr zyrtarin e Ballshit"},"content":{"rendered":"<p>Gjykata e Fierit ka vendosur mas\u00ebn e siguris\u00eb &#8220;arrest sht\u00ebpie&#8221; p\u00ebr shtetasin P\u00ebllumb Isufaj, i arrestuar t\u00eb diel\u00ebn e shkuar pasi q\u00eblloi me gur\u00eb nj\u00eb punonj\u00ebs policie n\u00eb protest\u00ebn e Partis\u00eb Demokratike. Sipas provave te paraqitura nga avokati i inspektorit t\u00eb mjedisit n\u00eb Bashkin\u00eb e Ballshit, nuk \u00ebsht\u00eb ky personi qe ka q\u00eblluar me gur\u00eb efektivin e FNSH-s\u00eb.<\/p>\n<p>Nd\u00ebrkoh\u00eb, gjykata ka vendosur mas\u00ebn e siguris\u00eb &#8220;detyrim paraqitje&#8221; p\u00ebr dy protestues t\u00eb tjer\u00eb t\u00eb arrestuar p\u00ebr protest\u00ebn e zhvilluar n\u00eb qytetin e Fierit ku pati p\u00ebrplasje me policin\u00eb. Seanca zgjati m\u00eb shum\u00eb se dy or\u00eb pas k\u00ebqyrjes se provave dhe analizimit t\u00eb pamjeve filmike.<\/p>\n<p>&nbsp;<\/p>","protected":false},"excerpt":{"rendered":"<p>Gjykata e Fierit ka vendosur mas\u00ebn e siguris\u00eb &#8220;arrest sht\u00ebpie&#8221; p\u00ebr shtetasin P\u00ebllumb Isufaj, i arrestuar t\u00eb diel\u00ebn e shkuar pasi q\u00eblloi me gur\u00eb nj\u00eb punonj\u00ebs policie n\u00eb protest\u00ebn e Partis\u00eb Demokratike. Sipas provave te paraqitura nga avokati i inspektorit t\u00eb mjedisit n\u00eb Bashkin\u00eb e Ballshit, nuk \u00ebsht\u00eb ky personi qe ka q\u00eblluar me gur\u00eb [&hellip;]<\/p>\n","protected":false},"author":2013,"featured_media":73745,"comment_status":"open","ping_status":"closed","sticky":false,"template":"","format":"standard","meta":{"footnotes":""},"categories":[241,235],"tags":[],"class_list":{"0":"post-73744","1":"post","2":"type-post","3":"status-publish","4":"format-standard","5":"has-post-thumbnail","7":"category-aktualitet","8":"category-vendi"},"_links":{"self":[{"href":"https:\/\/zjarr.tv\/en\/wp-json\/wp\/v2\/posts\/73744","targetHints":{"allow":["GET"]}}],"collection":[{"href":"https:\/\/zjarr.tv\/en\/wp-json\/wp\/v2\/posts"}],"about":[{"href":"https:\/\/zjarr.tv\/en\/wp-json\/wp\/v2\/types\/post"}],"author":[{"embeddable":true,"href":"https:\/\/zjarr.tv\/en\/wp-json\/wp\/v2\/users\/2013"}],"replies":[{"embeddable":true,"href":"https:\/\/zjarr.tv\/en\/wp-json\/wp\/v2\/comments?post=73744"}],"version-history":[{"count":0,"href":"https:\/\/zjarr.tv\/en\/wp-json\/wp\/v2\/posts\/73744\/revisions"}],"wp:featuredmedia":[{"embeddable":true,"href":"https:\/\/zjarr.tv\/en\/wp-json\/wp\/v2\/media\/73745"}],"wp:attachment":[{"href":"https:\/\/zjarr.tv\/en\/wp-json\/wp\/v2\/media?parent=73744"}],"wp:term":[{"taxonomy":"category","embeddable":true,"href":"https:\/\/zjarr.tv\/en\/wp-json\/wp\/v2\/categories?post=73744"},{"taxonomy":"post_tag","embeddable":true,"href":"https:\/\/zjarr.tv\/en\/wp-json\/wp\/v2\/tags?post=73744"}],"curies":[{"name":"wp","href":"https:\/\/api.w.org\/{rel}","templated":true}]}}