{"id":73772,"date":"2019-03-14T11:46:03","date_gmt":"2019-03-14T10:46:03","guid":{"rendered":"https:\/\/zjarr.tv\/?p=73772"},"modified":"2019-03-14T11:46:03","modified_gmt":"2019-03-14T10:46:03","slug":"droge-cokollate-kokaine-e-arme-kapen-babe-e-bir-ne-fier","status":"publish","type":"post","link":"https:\/\/zjarr.tv\/en\/droge-cokollate-kokaine-e-arme-kapen-babe-e-bir-ne-fier\/","title":{"rendered":"Drog\u00eb \u00e7okollat\u00eb, kokain\u00eb e arm\u00eb, kapen bab\u00eb e bir n\u00eb Fier"},"content":{"rendered":"<p>Policia e Fierit ka finalizuar nj\u00eb operacion antidrog\u00eb duke v\u00ebn\u00eb n\u00eb pranga bab\u00eb e bir si dhe sekuestruar drog\u00eb e arm\u00eb.<\/p>\n<p>Burime zyrtare b\u00ebjn\u00eb me dije se Specialist\u00ebt p\u00ebr Hetimin e Narkotik\u00ebve dhe Trafiqeve t\u00eb Paligjshme n\u00eb Drejtorin\u00eb Vendore t\u00eb Policis\u00eb Fier, pas nj\u00eb pune hetimore t\u00eb mir\u00eb organizuar t\u00eb ndjekur me metoda speciale t\u00eb hetimit, finalizuan me sukses operacionin antidrog\u00eb t\u00eb koduar \u201cBefasia\u201d.<\/p>\n<p>Si rezultat i k\u00ebtij operacioni u arrestuan n\u00eb flagranc\u00eb shtetasit A.L, 55 vje\u00e7, banues n\u00eb Patos dhe A.L, 26 vje\u00e7, banues n\u00eb Patos (Bab\u00eb e bir).<\/p>\n<p>Gjat\u00eb operacionit policia gjeti dhe sekuestroi n\u00eb cil\u00ebsin\u00eb e prov\u00ebs materiale: 900 gram l\u00ebnd\u00eb narkotike n\u00eb form\u00eb \u00c7okollate, 9 doza me l\u00ebnd\u00eb narkotike e dyshuar Kokain\u00eb, 6 doza me l\u00ebnd\u00eb narkotike e dyshuar Cannabis Sativa, 1 peshore elektronike e cila sh\u00ebrbente p\u00ebr ndarjen e drog\u00ebs n\u00eb doza t\u00eb vogla, 1 Pistolet\u00eb tip Bereta me 1 kreh\u00ebr dhe 3 fishek\u00eb, 4 pasaporta me identitete t\u00eb ndryshme, 5 aparate celular\u00eb.<\/p>\n<p>Materialet i kaluan Prokuroris\u00eb pran\u00eb Gjykat\u00ebs s\u00eb Shkall\u00ebs s\u00eb Par\u00eb Fier p\u00ebr veprat penale \u201cProdhimi dhe shitja e narkotik\u00ebve\u201d, \u201cNxitja p\u00ebr p\u00ebrdorimin e drog\u00ebs\u201d dhe \u201cProdhimi dhe mbajtja pa leje e arm\u00ebve dhe municionit luftarak\u201d.<\/p>","protected":false},"excerpt":{"rendered":"<p>Policia e Fierit ka finalizuar nj\u00eb operacion antidrog\u00eb duke v\u00ebn\u00eb n\u00eb pranga bab\u00eb e bir si dhe sekuestruar drog\u00eb e arm\u00eb. Burime zyrtare b\u00ebjn\u00eb me dije se Specialist\u00ebt p\u00ebr Hetimin e Narkotik\u00ebve dhe Trafiqeve t\u00eb Paligjshme n\u00eb Drejtorin\u00eb Vendore t\u00eb Policis\u00eb Fier, pas nj\u00eb pune hetimore t\u00eb mir\u00eb organizuar t\u00eb ndjekur me metoda speciale t\u00eb [&hellip;]<\/p>\n","protected":false},"author":4,"featured_media":73773,"comment_status":"open","ping_status":"closed","sticky":false,"template":"","format":"standard","meta":{"footnotes":""},"categories":[241,231,235],"tags":[],"class_list":{"0":"post-73772","1":"post","2":"type-post","3":"status-publish","4":"format-standard","5":"has-post-thumbnail","7":"category-aktualitet","8":"category-lajme","9":"category-vendi"},"_links":{"self":[{"href":"https:\/\/zjarr.tv\/en\/wp-json\/wp\/v2\/posts\/73772","targetHints":{"allow":["GET"]}}],"collection":[{"href":"https:\/\/zjarr.tv\/en\/wp-json\/wp\/v2\/posts"}],"about":[{"href":"https:\/\/zjarr.tv\/en\/wp-json\/wp\/v2\/types\/post"}],"author":[{"embeddable":true,"href":"https:\/\/zjarr.tv\/en\/wp-json\/wp\/v2\/users\/4"}],"replies":[{"embeddable":true,"href":"https:\/\/zjarr.tv\/en\/wp-json\/wp\/v2\/comments?post=73772"}],"version-history":[{"count":0,"href":"https:\/\/zjarr.tv\/en\/wp-json\/wp\/v2\/posts\/73772\/revisions"}],"wp:featuredmedia":[{"embeddable":true,"href":"https:\/\/zjarr.tv\/en\/wp-json\/wp\/v2\/media\/73773"}],"wp:attachment":[{"href":"https:\/\/zjarr.tv\/en\/wp-json\/wp\/v2\/media?parent=73772"}],"wp:term":[{"taxonomy":"category","embeddable":true,"href":"https:\/\/zjarr.tv\/en\/wp-json\/wp\/v2\/categories?post=73772"},{"taxonomy":"post_tag","embeddable":true,"href":"https:\/\/zjarr.tv\/en\/wp-json\/wp\/v2\/tags?post=73772"}],"curies":[{"name":"wp","href":"https:\/\/api.w.org\/{rel}","templated":true}]}}