{"id":73776,"date":"2019-03-14T12:13:15","date_gmt":"2019-03-14T11:13:15","guid":{"rendered":"https:\/\/zjarr.tv\/?p=73776"},"modified":"2019-03-14T12:13:15","modified_gmt":"2019-03-14T11:13:15","slug":"basha-zgjedhje-te-parakohshme-per-daljen-nga-kriza-politike","status":"publish","type":"post","link":"https:\/\/zjarr.tv\/en\/basha-zgjedhje-te-parakohshme-per-daljen-nga-kriza-politike\/","title":{"rendered":"Basha: Zgjedhje t\u00eb parakohshme p\u00ebr daljen nga kriza politike"},"content":{"rendered":"<p>Gjat\u00eb fjal\u00ebs s\u00eb tij n\u00eb aktivitetin \u201cArti n\u00eb mbrojtje t\u00eb demokracis\u00eb\u201d, kreu i PD, Lulzim Basha tha se aleanca p\u00ebr mbrojtjen e Teatrit \u00ebsht\u00eb nj\u00eb kauz\u00eb e drejt\u00eb dhe nj\u00eb shembull frym\u00ebzues.<\/p>\n<p>Basha \u00ebsht\u00eb ndaluar edhe tek kriza politike p\u00ebr t\u00eb cil\u00ebn tha se k\u00ebrkohet nj\u00eb zgjidhje akute p\u00ebrmes qeveris\u00eb tranzitore pa Ram\u00ebn kryeminist\u00ebr si dhe zgjedhje t\u00eb parakohshme.<\/p>\n<p>\u201cAleanca p\u00ebr mbrojtjen e Teatrit \u00ebsht\u00eb nj\u00eb kauz\u00eb e drejt\u00eb dhe shembull frym\u00ebzues. Kriza politike k\u00ebrkon nj\u00eb zgjidhje akute. Duhet qeveri tranzitore pa Ram\u00ebn kryeminist\u00ebr dhe zgjedhje t\u00eb parakohshme p\u00ebr daljen nga kjo kriz\u00eb\u201d- tha Basha.<\/p>\n<p>\u201cParlamenti, pushteti t\u00eb jen\u00eb produkt i vot\u00ebs s\u00eb lir\u00eb, dhe me procesin e qeverisjes t\u00eb jen\u00eb n\u00ebn kontroll p\u00ebr t\u00eb mos u kapur nga interesa kriminale. Diskutimi nuk ndodh n\u00eb eter, ndodh n\u00eb mes t\u00eb k\u00ebsaj krize t\u00eb thell\u00eb, ku qytetar\u00ebt i jan\u00eb p\u00ebrgjigjur thirrjes p\u00ebr protesta, p\u00ebr t\u2019i dh\u00ebn\u00eb fund cdo iluzioni e deluzioni t\u00eb nj\u00eb regjimi q\u00eb duhet t\u00eb marr\u00eb fund e duhet t\u2019i hap\u00eb rrug\u00ebn nj\u00eb procesi llogaridh\u00ebnie p\u00ebr t\u00eb gjith\u00eb ata q\u00eb asgj\u00ebsuan procesin zgjedhor dhe shkaktuan k\u00ebt\u00eb kriz\u00eb.<\/p>\n<p>Ne duhet ta ndalim k\u00ebt\u00eb i kemi t\u00eb gjitha mund\u00ebsit\u00eb ta ndalim, jemi t\u00eb vendosur q\u00eb mos e shohim thjesht si betej\u00eb p\u00ebr largimin e shkaktarit por si nj\u00eb mund\u00ebsi p\u00ebr t\u00eb reformuar t\u00eb gjith\u00eb ato aspekte t\u00eb bashk\u00ebjet\u00ebses demokratike, e p\u00ebr t\u2019i dh\u00ebn\u00eb fund \u00e7do pengmarrjeje t\u00eb qeveris\u00eb. Ka ardhur koha q\u00eb me rastin e k\u00ebsaj krize t\u00eb gjith\u00eb bashk\u00eb t\u00eb japim kontribut t\u00eb mos mjaftohemi me kap\u00ebrcimin e kriz\u00ebs s\u00eb radh\u00ebs po t\u2019i japim fund k\u00ebtij trazicioni dhe t\u00eb vendosim themelet e nj\u00eb shteti ku askush mos jet\u00eb n\u00eb gendje t\u00eb kap\u00eb pushtetet dhe t\u00eb braktis\u00eb paktin me qytetar\u00ebt pa u p\u00ebrballur me pasojat q\u00eb do t\u00eb p\u00ebrballeshin n\u00eb Europ\u00eb. E th\u00ebn\u00eb shkurt kur kemi nj\u00eb qeveri t\u00eb kapur, si kudo kjo duhet t\u00eb shkaktoj\u00eb v\u00ebnien e p\u00ebrgjegj\u00ebsve para drejt\u00ebsis\u00eb.\u201d- vijoi kryedemokrati<\/p>","protected":false},"excerpt":{"rendered":"<p>Gjat\u00eb fjal\u00ebs s\u00eb tij n\u00eb aktivitetin \u201cArti n\u00eb mbrojtje t\u00eb demokracis\u00eb\u201d, kreu i PD, Lulzim Basha tha se aleanca p\u00ebr mbrojtjen e Teatrit \u00ebsht\u00eb nj\u00eb kauz\u00eb e drejt\u00eb dhe nj\u00eb shembull frym\u00ebzues. Basha \u00ebsht\u00eb ndaluar edhe tek kriza politike p\u00ebr t\u00eb cil\u00ebn tha se k\u00ebrkohet nj\u00eb zgjidhje akute p\u00ebrmes qeveris\u00eb tranzitore pa Ram\u00ebn kryeminist\u00ebr si [&hellip;]<\/p>\n","protected":false},"author":4,"featured_media":61109,"comment_status":"open","ping_status":"closed","sticky":false,"template":"","format":"standard","meta":{"footnotes":""},"categories":[241,231,235],"tags":[],"class_list":{"0":"post-73776","1":"post","2":"type-post","3":"status-publish","4":"format-standard","5":"has-post-thumbnail","7":"category-aktualitet","8":"category-lajme","9":"category-vendi"},"_links":{"self":[{"href":"https:\/\/zjarr.tv\/en\/wp-json\/wp\/v2\/posts\/73776","targetHints":{"allow":["GET"]}}],"collection":[{"href":"https:\/\/zjarr.tv\/en\/wp-json\/wp\/v2\/posts"}],"about":[{"href":"https:\/\/zjarr.tv\/en\/wp-json\/wp\/v2\/types\/post"}],"author":[{"embeddable":true,"href":"https:\/\/zjarr.tv\/en\/wp-json\/wp\/v2\/users\/4"}],"replies":[{"embeddable":true,"href":"https:\/\/zjarr.tv\/en\/wp-json\/wp\/v2\/comments?post=73776"}],"version-history":[{"count":0,"href":"https:\/\/zjarr.tv\/en\/wp-json\/wp\/v2\/posts\/73776\/revisions"}],"wp:featuredmedia":[{"embeddable":true,"href":"https:\/\/zjarr.tv\/en\/wp-json\/wp\/v2\/media\/61109"}],"wp:attachment":[{"href":"https:\/\/zjarr.tv\/en\/wp-json\/wp\/v2\/media?parent=73776"}],"wp:term":[{"taxonomy":"category","embeddable":true,"href":"https:\/\/zjarr.tv\/en\/wp-json\/wp\/v2\/categories?post=73776"},{"taxonomy":"post_tag","embeddable":true,"href":"https:\/\/zjarr.tv\/en\/wp-json\/wp\/v2\/tags?post=73776"}],"curies":[{"name":"wp","href":"https:\/\/api.w.org\/{rel}","templated":true}]}}