{"id":73796,"date":"2019-03-14T20:20:46","date_gmt":"2019-03-14T19:20:46","guid":{"rendered":"https:\/\/zjarr.tv\/?p=73796"},"modified":"2019-03-14T12:32:02","modified_gmt":"2019-03-14T11:32:02","slug":"paul-manafort-denohet-edhe-me-43-muaj-te-tjere-burg","status":"publish","type":"post","link":"https:\/\/zjarr.tv\/en\/paul-manafort-denohet-edhe-me-43-muaj-te-tjere-burg\/","title":{"rendered":"Paul Manafort d\u00ebnohet edhe me 43 muaj t\u00eb tjer\u00eb burg"},"content":{"rendered":"<p>Ish shefi i fushat\u00ebs s\u00eb Donald Trump, Paul Manafort \u00ebsht\u00eb d\u00ebnuar edhe me 43 muaj t\u00eb tjer\u00eb burg. Vendimi vjen nj\u00eb jav\u00eb pasi 69-vje\u00e7ari u d\u00ebnua me 47 muaj burg p\u00ebr mashtrim n\u00eb nj\u00eb rast t\u00eb ve\u00e7ant\u00eb. D\u00ebnimi i fundit vjen nga dy akuza p\u00ebr konspiracion p\u00ebr t\u00eb cilat Manafort u deklarua fajtor p\u00ebr vitin e kaluar. Duke folur nga nj\u00eb karrige me rrota, ai i tha gjykat\u00ebs federale s\u00eb Washington DC se donte t\u00eb k\u00ebrkonte falje p\u00ebr veprimet e tij. Manafort akuzohet edhe p\u00ebr mashtrim dhe krime t\u00eb tjera. Presidenti Trump ka fuqin\u00eb t\u00eb fal\u00eb ish ndihm\u00ebsin e tij p\u00ebr krimet federale, por jo p\u00ebr akuzat e ngritura n\u00eb Ne\u00eb York.<\/p>\n<p>&#8220;Ndihem keq p\u00ebr Paul Manafort, kjo \u00ebsht\u00eb ajo q\u00eb mund t\u00eb them,&#8221;-u shpreh Trump pas d\u00ebnimit t\u00eb tij t\u00eb m\u00ebrkur\u00ebn.<\/p>\n<p>I pyetur n\u00ebse do ta fal\u00eb Manafort, presidenti amerikan u p\u00ebrgjigj: &#8220;Nuk kam dh\u00ebn\u00eb kurr\u00eb nj\u00eb mendim, deri n\u00eb k\u00ebt\u00eb moment. \u00cbsht\u00eb di\u00e7ka t\u00eb cil\u00ebn nuk e kam n\u00eb mendje tani.&#8221; T\u00eb dy rastet p\u00ebr t\u00eb cilat 69-vje\u00e7ari u d\u00ebnua rrjedhin nga nj\u00eb hetim p\u00ebr p\u00ebrfshirjen e supozuar ruse n\u00eb zgjedhjet e vitit 2016 n\u00eb SHBA. Asnj\u00eb nga akuzat ndaj Manafort, megjithat\u00eb, nuk ka t\u00eb b\u00ebj\u00eb me pretendimet p\u00ebr bashk\u00ebpunim me Rusin\u00eb. Trump gjithmon\u00eb e ka mohuar akuz\u00ebn, duke e p\u00ebrshkruar hetimin si nj\u00eb &#8220;gjueti shtrigash&#8221;. Ish shefi i fushat\u00ebs s\u00eb Trump, Paul Manafort burgoset p\u00ebr mashtrim<\/p>\n<p>&nbsp;<\/p>","protected":false},"excerpt":{"rendered":"<p>Ish shefi i fushat\u00ebs s\u00eb Donald Trump, Paul Manafort \u00ebsht\u00eb d\u00ebnuar edhe me 43 muaj t\u00eb tjer\u00eb burg. Vendimi vjen nj\u00eb jav\u00eb pasi 69-vje\u00e7ari u d\u00ebnua me 47 muaj burg p\u00ebr mashtrim n\u00eb nj\u00eb rast t\u00eb ve\u00e7ant\u00eb. D\u00ebnimi i fundit vjen nga dy akuza p\u00ebr konspiracion p\u00ebr t\u00eb cilat Manafort u deklarua fajtor p\u00ebr vitin [&hellip;]<\/p>\n","protected":false},"author":2013,"featured_media":73797,"comment_status":"open","ping_status":"closed","sticky":false,"template":"","format":"standard","meta":{"footnotes":""},"categories":[241,191],"tags":[],"class_list":{"0":"post-73796","1":"post","2":"type-post","3":"status-publish","4":"format-standard","5":"has-post-thumbnail","7":"category-aktualitet","8":"category-bota"},"_links":{"self":[{"href":"https:\/\/zjarr.tv\/en\/wp-json\/wp\/v2\/posts\/73796","targetHints":{"allow":["GET"]}}],"collection":[{"href":"https:\/\/zjarr.tv\/en\/wp-json\/wp\/v2\/posts"}],"about":[{"href":"https:\/\/zjarr.tv\/en\/wp-json\/wp\/v2\/types\/post"}],"author":[{"embeddable":true,"href":"https:\/\/zjarr.tv\/en\/wp-json\/wp\/v2\/users\/2013"}],"replies":[{"embeddable":true,"href":"https:\/\/zjarr.tv\/en\/wp-json\/wp\/v2\/comments?post=73796"}],"version-history":[{"count":0,"href":"https:\/\/zjarr.tv\/en\/wp-json\/wp\/v2\/posts\/73796\/revisions"}],"wp:featuredmedia":[{"embeddable":true,"href":"https:\/\/zjarr.tv\/en\/wp-json\/wp\/v2\/media\/73797"}],"wp:attachment":[{"href":"https:\/\/zjarr.tv\/en\/wp-json\/wp\/v2\/media?parent=73796"}],"wp:term":[{"taxonomy":"category","embeddable":true,"href":"https:\/\/zjarr.tv\/en\/wp-json\/wp\/v2\/categories?post=73796"},{"taxonomy":"post_tag","embeddable":true,"href":"https:\/\/zjarr.tv\/en\/wp-json\/wp\/v2\/tags?post=73796"}],"curies":[{"name":"wp","href":"https:\/\/api.w.org\/{rel}","templated":true}]}}