{"id":73954,"date":"2019-03-14T17:14:36","date_gmt":"2019-03-14T16:14:36","guid":{"rendered":"https:\/\/zjarr.tv\/?p=73954"},"modified":"2019-03-14T17:14:36","modified_gmt":"2019-03-14T16:14:36","slug":"ndahet-nga-jeta-ish-lojtari-i-njohur","status":"publish","type":"post","link":"https:\/\/zjarr.tv\/en\/ndahet-nga-jeta-ish-lojtari-i-njohur\/","title":{"rendered":"Ndahet nga jeta ish-lojtari i njohur"},"content":{"rendered":"<p>Pas s\u00ebmundjes s\u00eb r\u00ebnd\u00eb ka nd\u00ebrruar jet\u00eb sot ish-futbollisti i Prishtin\u00ebs, Sabit Dallku, i cili \u00ebsht\u00eb babai i Armend dhe Ardin Dallkut. Sabiti ka luajtur p\u00ebr Prishtin\u00ebn n\u00eb \u201870 dhe n\u00eb fillim t\u00eb \u201880. Ai ishte mbrojt\u00ebs i njohur i skuadr\u00ebs m\u00eb t\u00eb madhe n\u00eb Kosov\u00eb, Prishtin\u00ebs. Ka qen\u00eb pjes\u00eb e gjenerat\u00ebs e cila pati filluar t\u00eb krijohet me trajner Ilija Dimovskin, e q\u00eb pastaj pat\u00ebn arritur maj\u00ebn e futbollit ish-jugosllav. Varrimi i t\u00eb ndjerit b\u00ebhet nes\u00ebr m\u00eb 15 mars me koh\u00eb t\u00eb \u201cXhuma-s\u201d n\u00eb varrezat e Vushtrris\u00eb.<\/p>","protected":false},"excerpt":{"rendered":"<p>Pas s\u00ebmundjes s\u00eb r\u00ebnd\u00eb ka nd\u00ebrruar jet\u00eb sot ish-futbollisti i Prishtin\u00ebs, Sabit Dallku, i cili \u00ebsht\u00eb babai i Armend dhe Ardin Dallkut. Sabiti ka luajtur p\u00ebr Prishtin\u00ebn n\u00eb \u201870 dhe n\u00eb fillim t\u00eb \u201880. Ai ishte mbrojt\u00ebs i njohur i skuadr\u00ebs m\u00eb t\u00eb madhe n\u00eb Kosov\u00eb, Prishtin\u00ebs. Ka qen\u00eb pjes\u00eb e gjenerat\u00ebs e cila pati [&hellip;]<\/p>\n","protected":false},"author":2013,"featured_media":73955,"comment_status":"open","ping_status":"closed","sticky":false,"template":"","format":"standard","meta":{"footnotes":""},"categories":[241,192],"tags":[],"class_list":{"0":"post-73954","1":"post","2":"type-post","3":"status-publish","4":"format-standard","5":"has-post-thumbnail","7":"category-aktualitet","8":"category-sport"},"_links":{"self":[{"href":"https:\/\/zjarr.tv\/en\/wp-json\/wp\/v2\/posts\/73954","targetHints":{"allow":["GET"]}}],"collection":[{"href":"https:\/\/zjarr.tv\/en\/wp-json\/wp\/v2\/posts"}],"about":[{"href":"https:\/\/zjarr.tv\/en\/wp-json\/wp\/v2\/types\/post"}],"author":[{"embeddable":true,"href":"https:\/\/zjarr.tv\/en\/wp-json\/wp\/v2\/users\/2013"}],"replies":[{"embeddable":true,"href":"https:\/\/zjarr.tv\/en\/wp-json\/wp\/v2\/comments?post=73954"}],"version-history":[{"count":0,"href":"https:\/\/zjarr.tv\/en\/wp-json\/wp\/v2\/posts\/73954\/revisions"}],"wp:featuredmedia":[{"embeddable":true,"href":"https:\/\/zjarr.tv\/en\/wp-json\/wp\/v2\/media\/73955"}],"wp:attachment":[{"href":"https:\/\/zjarr.tv\/en\/wp-json\/wp\/v2\/media?parent=73954"}],"wp:term":[{"taxonomy":"category","embeddable":true,"href":"https:\/\/zjarr.tv\/en\/wp-json\/wp\/v2\/categories?post=73954"},{"taxonomy":"post_tag","embeddable":true,"href":"https:\/\/zjarr.tv\/en\/wp-json\/wp\/v2\/tags?post=73954"}],"curies":[{"name":"wp","href":"https:\/\/api.w.org\/{rel}","templated":true}]}}