{"id":73960,"date":"2019-03-14T17:23:27","date_gmt":"2019-03-14T16:23:27","guid":{"rendered":"https:\/\/zjarr.tv\/?p=73960"},"modified":"2019-03-14T17:23:27","modified_gmt":"2019-03-14T16:23:27","slug":"protesta-e-opozites-perforcohet-skela-para-kryeministrise","status":"publish","type":"post","link":"https:\/\/zjarr.tv\/en\/protesta-e-opozites-perforcohet-skela-para-kryeministrise\/","title":{"rendered":"Protesta e opozit\u00ebs, p\u00ebrforcohet skela para Kryeministris\u00eb"},"content":{"rendered":"<p><em>Dy dit\u00eb para protest\u00ebs s\u00eb opozit\u00ebs n\u00eb hyrjen e Kryeministris\u00eb \u00ebsht\u00eb p\u00ebrforcuar skela q\u00eb sh\u00ebrbeu m\u00eb 16 shkurt p\u00ebr t\u00eb penguar protestuesit e opozit\u00ebs, t\u00eb cil\u00ebt tentuan t\u00eb hyjn\u00eb brenda godin\u00ebs s\u00eb qeveris\u00eb. P\u00ebrve\u00e7 p\u00ebrforcimit t\u00eb skel\u00ebs, Policia dhe Garda kan\u00eb vendosur dhe kangjella t\u00eb tjera p\u00ebr t\u00eb siguruar perimetrin rrethues t\u00eb godin\u00ebs qeveritare. Policia e Shtetit ka instaluar dhe 4 kamera t\u00eb tjera sigurie me pamje 360 grad\u00eb, t\u00eb cilat do t\u00eb mund\u00ebsojn\u00eb filmimin e aktivitetit t\u00eb protestuesve.<\/em><\/p>\n<p>P\u00ebrforcimi i skel\u00ebs pran\u00eb hyrjes s\u00eb Kryeministris\u00eb ka nisur q\u00eb prej m\u00ebngjesit, nd\u00ebrsa ndryshe nga protestat e tjera \u00ebsht\u00eb zgjeruar edhe perimetri rrethues me kangjella. P\u00ebrve\u00e7 k\u00ebtyre masave, Policia e Shtetit ka instaluar dhe 4 kamera sigurie para godin\u00ebs s\u00eb Kryeministris\u00eb, t\u00eb cilat do t\u00eb sh\u00ebrbejn\u00eb p\u00ebr identifikuar protestuesit me an\u00eb t\u00eb zmadhimit. Kamerat rrotulluese q\u00eb filmojn\u00eb 360 grad\u00eb, jan\u00eb vendosur n\u00eb kat\u00ebr k\u00ebnde t\u00eb ndryshme, dy nga krahu i Kryeministris\u00eb dhe dy nga krahu i Kryesis\u00eb s\u00eb Kuvendit.<\/p>\n<p>P\u00ebrcaktimi i pikave t\u00eb v\u00ebzhgimit \u00ebsht\u00eb b\u00ebr\u00eb p\u00ebr t\u00eb mund\u00ebsuar nj\u00eb pamje sa m\u00eb t\u00eb gjer\u00eb t\u00eb mbulimit t\u00eb protest\u00ebs, dhe n\u00eb raste t\u00eb p\u00ebrdorimit t\u00eb dhun\u00ebs, regjistrimet do t\u00eb sh\u00ebrbejn\u00eb si prova filmike.<\/p>\n<p>Policia e Shtetit edhe m\u00eb her\u00ebt ka kryer investime n\u00eb instalimin e kamerave para Parlamentit, n\u00eb prag t\u00eb protest\u00ebs s\u00eb 5 marsit, pamjet e t\u00eb cilave gjykata nuk i quajti t\u00eb mjaftueshme p\u00ebr t\u00eb mbajtur n\u00eb qeli 8 qytetar\u00ebt e ndaluar at\u00eb dit\u00eb pas tubimit t\u00eb opozit\u00ebs.<\/p>\n<p>Protesta e opozit\u00ebs \u00ebsht\u00eb paralajm\u00ebruar t\u00eb shtun\u00ebn n\u00eb or\u00ebn 11:00, nd\u00ebrsa n\u00eb tubimet e m\u00ebparshme t\u00eb mbajtura n\u00eb Tiran\u00eb, Policia ka angazhuar nga 1 mij\u00eb deri n\u00eb 1500 efektiva p\u00ebr ruajtjen e rendit dhe siguris\u00eb.<\/p>\n<p>&nbsp;<\/p>","protected":false},"excerpt":{"rendered":"<p>Dy dit\u00eb para protest\u00ebs s\u00eb opozit\u00ebs n\u00eb hyrjen e Kryeministris\u00eb \u00ebsht\u00eb p\u00ebrforcuar skela q\u00eb sh\u00ebrbeu m\u00eb 16 shkurt p\u00ebr t\u00eb penguar protestuesit e opozit\u00ebs, t\u00eb cil\u00ebt tentuan t\u00eb hyjn\u00eb brenda godin\u00ebs s\u00eb qeveris\u00eb. P\u00ebrve\u00e7 p\u00ebrforcimit t\u00eb skel\u00ebs, Policia dhe Garda kan\u00eb vendosur dhe kangjella t\u00eb tjera p\u00ebr t\u00eb siguruar perimetrin rrethues t\u00eb godin\u00ebs qeveritare. Policia [&hellip;]<\/p>\n","protected":false},"author":2013,"featured_media":0,"comment_status":"open","ping_status":"closed","sticky":false,"template":"","format":"standard","meta":{"footnotes":""},"categories":[241,235],"tags":[],"class_list":{"0":"post-73960","1":"post","2":"type-post","3":"status-publish","4":"format-standard","6":"category-aktualitet","7":"category-vendi"},"_links":{"self":[{"href":"https:\/\/zjarr.tv\/en\/wp-json\/wp\/v2\/posts\/73960","targetHints":{"allow":["GET"]}}],"collection":[{"href":"https:\/\/zjarr.tv\/en\/wp-json\/wp\/v2\/posts"}],"about":[{"href":"https:\/\/zjarr.tv\/en\/wp-json\/wp\/v2\/types\/post"}],"author":[{"embeddable":true,"href":"https:\/\/zjarr.tv\/en\/wp-json\/wp\/v2\/users\/2013"}],"replies":[{"embeddable":true,"href":"https:\/\/zjarr.tv\/en\/wp-json\/wp\/v2\/comments?post=73960"}],"version-history":[{"count":0,"href":"https:\/\/zjarr.tv\/en\/wp-json\/wp\/v2\/posts\/73960\/revisions"}],"wp:attachment":[{"href":"https:\/\/zjarr.tv\/en\/wp-json\/wp\/v2\/media?parent=73960"}],"wp:term":[{"taxonomy":"category","embeddable":true,"href":"https:\/\/zjarr.tv\/en\/wp-json\/wp\/v2\/categories?post=73960"},{"taxonomy":"post_tag","embeddable":true,"href":"https:\/\/zjarr.tv\/en\/wp-json\/wp\/v2\/tags?post=73960"}],"curies":[{"name":"wp","href":"https:\/\/api.w.org\/{rel}","templated":true}]}}