{"id":73964,"date":"2019-03-14T17:33:21","date_gmt":"2019-03-14T16:33:21","guid":{"rendered":"https:\/\/zjarr.tv\/?p=73964"},"modified":"2019-03-14T17:35:46","modified_gmt":"2019-03-14T16:35:46","slug":"blindohet-darka-e-rames-me-ministrant-ne-elbasan","status":"publish","type":"post","link":"https:\/\/zjarr.tv\/en\/blindohet-darka-e-rames-me-ministrant-ne-elbasan\/","title":{"rendered":"Blindohet darka e Ram\u00ebs me ministrat n\u00eb Elbasan"},"content":{"rendered":"<p>Kryeministri Edi Rama arriti mbr\u00ebmjen e djeshme n\u00eb qytetin e Elbasanit. I shoq\u00ebruar edhe nga ministrat e qeveris\u00eb s\u00eb tij dhe deputet\u00ebt t\u00eb PS-s\u00eb, kreu i ekzekutivit ka darkuar n\u00eb Fish City, ambient ku edhe m\u00eb par\u00eb ka zhvilluar mbledhjet qeveritare. Por sipas asaj q\u00eb shkruan ish kryeministri Sali Berisha, zona ku darkoi Rama ka qen\u00eb n\u00ebn masa t\u00eb rrepta sigurie, nd\u00ebrsa darka ka qen\u00eb shum\u00eb luksoze dhe e kushtueshme. Si\u00e7 shihet edhe n\u00eb videon e m\u00ebposhtme, kushdo q\u00eb ka hyr\u00eb n\u00eb ambjentet e resortit q\u00eb ndodhet n\u00eb Labinot, si ministra dhe deputet\u00eb, i jan\u00eb n\u00ebnshtruar nj\u00eb kontrolli t\u00eb imt\u00ebsish\u00ebm.<\/p>\n<p><strong>Ja \u00e7far\u00eb shkruan Berisha:<\/strong><\/p>\n<p>Krye krye kreu i meduzes ne tmerr dhe panik!<\/p>\n<p>Ai darkoi mbreme me sojin e narkosve te tij tek klientela, Luca City Labinot.<\/p>\n<p>Kontrolli i rrepte me dedektor per narkoset e ftuar qe iu bashkuan darkes super luksoze!<\/p>\n<p>Lexoni mesazhin dhe shikoni videon e qytetarit dixhital. sb<\/p>\n<p>Pershendetje dr Gezuar diten e veres.Ky esht tmerri qe ka zene Edvinin.Tek video jane ministrat dhe deputetet qe kontrollohen duke hyre ne darke te Edvinit qe shtrohet tek don lluca ne labinot<\/p>\n<p>&nbsp;<\/p>\n<p>&nbsp;<\/p>\n<p>&nbsp;<\/p>","protected":false},"excerpt":{"rendered":"<p>Kryeministri Edi Rama arriti mbr\u00ebmjen e djeshme n\u00eb qytetin e Elbasanit. I shoq\u00ebruar edhe nga ministrat e qeveris\u00eb s\u00eb tij dhe deputet\u00ebt t\u00eb PS-s\u00eb, kreu i ekzekutivit ka darkuar n\u00eb Fish City, ambient ku edhe m\u00eb par\u00eb ka zhvilluar mbledhjet qeveritare. Por sipas asaj q\u00eb shkruan ish kryeministri Sali Berisha, zona ku darkoi Rama ka [&hellip;]<\/p>\n","protected":false},"author":2013,"featured_media":0,"comment_status":"open","ping_status":"closed","sticky":false,"template":"","format":"standard","meta":{"footnotes":""},"categories":[241,235],"tags":[],"class_list":{"0":"post-73964","1":"post","2":"type-post","3":"status-publish","4":"format-standard","6":"category-aktualitet","7":"category-vendi"},"_links":{"self":[{"href":"https:\/\/zjarr.tv\/en\/wp-json\/wp\/v2\/posts\/73964","targetHints":{"allow":["GET"]}}],"collection":[{"href":"https:\/\/zjarr.tv\/en\/wp-json\/wp\/v2\/posts"}],"about":[{"href":"https:\/\/zjarr.tv\/en\/wp-json\/wp\/v2\/types\/post"}],"author":[{"embeddable":true,"href":"https:\/\/zjarr.tv\/en\/wp-json\/wp\/v2\/users\/2013"}],"replies":[{"embeddable":true,"href":"https:\/\/zjarr.tv\/en\/wp-json\/wp\/v2\/comments?post=73964"}],"version-history":[{"count":0,"href":"https:\/\/zjarr.tv\/en\/wp-json\/wp\/v2\/posts\/73964\/revisions"}],"wp:attachment":[{"href":"https:\/\/zjarr.tv\/en\/wp-json\/wp\/v2\/media?parent=73964"}],"wp:term":[{"taxonomy":"category","embeddable":true,"href":"https:\/\/zjarr.tv\/en\/wp-json\/wp\/v2\/categories?post=73964"},{"taxonomy":"post_tag","embeddable":true,"href":"https:\/\/zjarr.tv\/en\/wp-json\/wp\/v2\/tags?post=73964"}],"curies":[{"name":"wp","href":"https:\/\/api.w.org\/{rel}","templated":true}]}}