{"id":73973,"date":"2019-03-14T17:41:11","date_gmt":"2019-03-14T16:41:11","guid":{"rendered":"https:\/\/zjarr.tv\/?p=73973"},"modified":"2019-03-14T17:41:11","modified_gmt":"2019-03-14T16:41:11","slug":"13-mije-tifozet-e-frankfurtit-mbushin-rruget-e-milanos","status":"publish","type":"post","link":"https:\/\/zjarr.tv\/en\/13-mije-tifozet-e-frankfurtit-mbushin-rruget-e-milanos\/","title":{"rendered":"13 mij\u00eb tifoz\u00ebt e Frankfurtit mbushin rrug\u00ebt e Milanos"},"content":{"rendered":"<p>Mij\u00ebra tifoz\u00eb t\u00eb Ajntrahkt Frankfurtit kan\u00eb mbushur rrug\u00ebt e Milanos n\u00eb prag t\u00eb sfid\u00ebs s\u00eb mbr\u00ebmjes kund\u00ebr Interit, n\u00eb p\u00ebrballjen e kthimit t\u00eb Europa Lig\u00ebs, q\u00eb do t\u00eb luhet prej or\u00ebs 21:00 n\u00eb \u201cSan Siro\u201d.<\/p>\n<p>Tifoz\u00ebt gjerman\u00eb, t\u00eb njohur p\u00ebr pasionin e tyre t\u00eb madh ndaj Ajntrahktit, kishin prenotuar q\u00eb p\u00ebrpara sfid\u00ebs s\u00eb par\u00eb t\u00eb luajtur n\u00eb Frankfurt plot 13 mij\u00eb bileta p\u00ebr takimin e sotm\u00ebn, nd\u00ebrsa besohet se ata do ta tejkalojn\u00eb k\u00ebt\u00eb shif\u00ebr.<\/p>\n<p>&nbsp;<\/p>\n<p>&nbsp;<\/p>","protected":false},"excerpt":{"rendered":"<p>Mij\u00ebra tifoz\u00eb t\u00eb Ajntrahkt Frankfurtit kan\u00eb mbushur rrug\u00ebt e Milanos n\u00eb prag t\u00eb sfid\u00ebs s\u00eb mbr\u00ebmjes kund\u00ebr Interit, n\u00eb p\u00ebrballjen e kthimit t\u00eb Europa Lig\u00ebs, q\u00eb do t\u00eb luhet prej or\u00ebs 21:00 n\u00eb \u201cSan Siro\u201d. Tifoz\u00ebt gjerman\u00eb, t\u00eb njohur p\u00ebr pasionin e tyre t\u00eb madh ndaj Ajntrahktit, kishin prenotuar q\u00eb p\u00ebrpara sfid\u00ebs s\u00eb par\u00eb t\u00eb [&hellip;]<\/p>\n","protected":false},"author":2013,"featured_media":0,"comment_status":"open","ping_status":"closed","sticky":false,"template":"","format":"standard","meta":{"footnotes":""},"categories":[241,192],"tags":[],"class_list":{"0":"post-73973","1":"post","2":"type-post","3":"status-publish","4":"format-standard","6":"category-aktualitet","7":"category-sport"},"_links":{"self":[{"href":"https:\/\/zjarr.tv\/en\/wp-json\/wp\/v2\/posts\/73973","targetHints":{"allow":["GET"]}}],"collection":[{"href":"https:\/\/zjarr.tv\/en\/wp-json\/wp\/v2\/posts"}],"about":[{"href":"https:\/\/zjarr.tv\/en\/wp-json\/wp\/v2\/types\/post"}],"author":[{"embeddable":true,"href":"https:\/\/zjarr.tv\/en\/wp-json\/wp\/v2\/users\/2013"}],"replies":[{"embeddable":true,"href":"https:\/\/zjarr.tv\/en\/wp-json\/wp\/v2\/comments?post=73973"}],"version-history":[{"count":0,"href":"https:\/\/zjarr.tv\/en\/wp-json\/wp\/v2\/posts\/73973\/revisions"}],"wp:attachment":[{"href":"https:\/\/zjarr.tv\/en\/wp-json\/wp\/v2\/media?parent=73973"}],"wp:term":[{"taxonomy":"category","embeddable":true,"href":"https:\/\/zjarr.tv\/en\/wp-json\/wp\/v2\/categories?post=73973"},{"taxonomy":"post_tag","embeddable":true,"href":"https:\/\/zjarr.tv\/en\/wp-json\/wp\/v2\/tags?post=73973"}],"curies":[{"name":"wp","href":"https:\/\/api.w.org\/{rel}","templated":true}]}}