{"id":73976,"date":"2019-03-14T17:43:24","date_gmt":"2019-03-14T16:43:24","guid":{"rendered":"https:\/\/zjarr.tv\/?p=73976"},"modified":"2019-03-14T17:43:24","modified_gmt":"2019-03-14T16:43:24","slug":"kryemadhi-krenare-per-ata-qe-nuk-pranuan-te-jene-ne-kuvend","status":"publish","type":"post","link":"https:\/\/zjarr.tv\/en\/kryemadhi-krenare-per-ata-qe-nuk-pranuan-te-jene-ne-kuvend\/","title":{"rendered":"Kryemadhi: Krenare p\u00ebr ata q\u00eb nuk pranuan t\u00eb jen\u00eb n\u00eb Kuvend"},"content":{"rendered":"<p>Kryetarja e LSI-s\u00eb, Monika Kryemadhi gjat\u00eb takimit me strukturat e partis\u00eb q\u00eb drejton n\u00eb kuad\u00ebr t\u00eb protest\u00ebs s\u00eb 16 marsit, ka komentuar edhe djegien e mandateve. Kryemadhi u shpreh se ndihet mjaft krenare p\u00ebr t\u00eb gjitha ata q\u00eb hoq\u00ebn dor\u00eb nga Kuvendi dhe se pavar\u00ebsisht veprimit ekstrem, kan\u00eb b\u00ebr\u00eb gj\u00ebn\u00eb e duhur.<\/p>\n<p>\u201cQ\u00eb i thon\u00eb jo kapjes, jo pengmarrjes, riktheu edhe nj\u00ebher LSI-n\u00eb e pakapur dhe principet q\u00eb ne duhet t\u00eb b\u00ebnim kartarsis ton\u00eb. \u00a0T\u00eb gjith\u00eb ata q\u00eb nuk pranuan t\u00eb jen\u00eb pjes\u00eb e parlamentit t\u00eb krimit jan\u00eb krenaria e Kryemadhit dhe LSI. Ne jemi t\u00eb bindur q\u00eb ju keni b\u00ebr\u00eb veprimin e duhur, \u00ebsht\u00eb veprim ekstrem.<\/p>\n<p>P\u00ebr t\u00eb gjith\u00eb ju q\u00eb nuk besoni n\u00eb principet n\u00eb drejt\u00ebsi, Ligji i Teatrit, Ligji I pronave, Ligji i Dividentit q\u00eb vjedh miliona euro nga shqiptar\u00ebt dhe pasuron oligark\u00ebt, heqja e s\u00eb drejt\u00ebs s\u00eb fjal\u00ebs p\u00ebr opozit\u00ebn n\u00eb Kuvend, e cila \u00ebsht\u00eb e paligjshme.<\/p>\n<p>M\u00eb thoni n\u00eb cil\u00ebn gjykat\u00eb mund t\u00eb ankohet opozita sot.<\/p>","protected":false},"excerpt":{"rendered":"<p>Kryetarja e LSI-s\u00eb, Monika Kryemadhi gjat\u00eb takimit me strukturat e partis\u00eb q\u00eb drejton n\u00eb kuad\u00ebr t\u00eb protest\u00ebs s\u00eb 16 marsit, ka komentuar edhe djegien e mandateve. Kryemadhi u shpreh se ndihet mjaft krenare p\u00ebr t\u00eb gjitha ata q\u00eb hoq\u00ebn dor\u00eb nga Kuvendi dhe se pavar\u00ebsisht veprimit ekstrem, kan\u00eb b\u00ebr\u00eb gj\u00ebn\u00eb e duhur. \u201cQ\u00eb i thon\u00eb [&hellip;]<\/p>\n","protected":false},"author":2013,"featured_media":70237,"comment_status":"open","ping_status":"closed","sticky":false,"template":"","format":"standard","meta":{"footnotes":""},"categories":[241,235],"tags":[],"class_list":{"0":"post-73976","1":"post","2":"type-post","3":"status-publish","4":"format-standard","5":"has-post-thumbnail","7":"category-aktualitet","8":"category-vendi"},"_links":{"self":[{"href":"https:\/\/zjarr.tv\/en\/wp-json\/wp\/v2\/posts\/73976","targetHints":{"allow":["GET"]}}],"collection":[{"href":"https:\/\/zjarr.tv\/en\/wp-json\/wp\/v2\/posts"}],"about":[{"href":"https:\/\/zjarr.tv\/en\/wp-json\/wp\/v2\/types\/post"}],"author":[{"embeddable":true,"href":"https:\/\/zjarr.tv\/en\/wp-json\/wp\/v2\/users\/2013"}],"replies":[{"embeddable":true,"href":"https:\/\/zjarr.tv\/en\/wp-json\/wp\/v2\/comments?post=73976"}],"version-history":[{"count":0,"href":"https:\/\/zjarr.tv\/en\/wp-json\/wp\/v2\/posts\/73976\/revisions"}],"wp:featuredmedia":[{"embeddable":true,"href":"https:\/\/zjarr.tv\/en\/wp-json\/wp\/v2\/media\/70237"}],"wp:attachment":[{"href":"https:\/\/zjarr.tv\/en\/wp-json\/wp\/v2\/media?parent=73976"}],"wp:term":[{"taxonomy":"category","embeddable":true,"href":"https:\/\/zjarr.tv\/en\/wp-json\/wp\/v2\/categories?post=73976"},{"taxonomy":"post_tag","embeddable":true,"href":"https:\/\/zjarr.tv\/en\/wp-json\/wp\/v2\/tags?post=73976"}],"curies":[{"name":"wp","href":"https:\/\/api.w.org\/{rel}","templated":true}]}}