{"id":73978,"date":"2019-03-14T18:00:41","date_gmt":"2019-03-14T17:00:41","guid":{"rendered":"https:\/\/zjarr.tv\/?p=73978"},"modified":"2019-03-14T17:46:06","modified_gmt":"2019-03-14T16:46:06","slug":"edhe-durresi-ben-40-lek-cmimin-e-biletes-se-urbanit","status":"publish","type":"post","link":"https:\/\/zjarr.tv\/en\/edhe-durresi-ben-40-lek-cmimin-e-biletes-se-urbanit\/","title":{"rendered":"Edhe Durr\u00ebsi b\u00ebn 40 lek \u00e7mimin e bilet\u00ebs s\u00eb urbanit"},"content":{"rendered":"<p><em>Banor\u00ebt e Durr\u00ebsit do t\u00eb jen\u00eb t\u00eb radh\u00ebs q\u00eb do t\u00eb p\u00ebrballen me rritje t\u00eb \u00e7mimit t\u00eb bilet\u00ebs p\u00ebr transportin urban. \u00a0N\u00eb mbledhjen e fundit, K\u00ebshilli bashkiak vendosi \u00e7mimin 40 lek p\u00ebr bilet\u00eb. Por vendimi \u00ebsht\u00eb i panjohur p\u00ebr shum\u00eb qytetar\u00eb, t\u00eb cil\u00ebt nga ana tjet\u00ebr thon\u00eb se bileta e re do ti r\u00ebndoj\u00eb n\u00eb xhepat e varf\u00ebr.<\/em><\/p>\n<p>Shum\u00eb prej qytetar\u00ebve t\u00eb Durr\u00ebsit ende nuk e din\u00eb se pas pak dit\u00ebsh do t\u00eb paguajn\u00eb 40 lek p\u00ebr t\u00eb udh\u00ebtuar me autobus\u00ebt urban\u00eb nga 30 q\u00eb \u00ebsht\u00eb aktualisht. Bileta e sh\u00ebrbimit u rrit me 10 lek n\u00eb mbledhjen e 11 marsit t\u00eb K\u00ebshillit bashkiak, ku votat e PS-s\u00eb e nj\u00eb pjes\u00eb t\u00eb k\u00ebshilltar\u00ebve t\u00eb LSI miratuan propozimin e Bashkis\u00eb.<\/p>\n<p><em>&#8220;Vendimi shum\u00eb i gabuar sepse popullata \u00ebsht\u00eb pa pun\u00eb&#8221;.<\/em><\/p>\n<p>Rritja e bilet\u00ebs ka qen\u00eb nj\u00eb k\u00ebrkes\u00eb e vazhdueshme e operator\u00ebve n\u00eb qytetin bregdetar me argumentin se nuk mbulojn\u00eb dot kostot. Por propozimi i Bashkis\u00eb duket se nuk \u00ebsht\u00eb konsultuar. Qytetar\u00ebt ve\u00e7 munges\u00ebs s\u00eb informacionit flasin edhe p\u00ebr kosto sociale q\u00eb mund t\u00eb shkaktoj\u00eb rritja e \u00e7mimit p\u00ebr nj\u00eb sh\u00ebrbim publik.<\/p>\n<p><em>&#8220;Pa pun\u00eb jan\u00eb, rriten \u00e7mimet&#8221;.<\/em><\/p>\n<p><em>&#8220;Nuk e p\u00ebrballojm\u00eb ne, mezi po ham\u00eb buk\u00eb&#8221;.<\/em><\/p>\n<p>Bashkia e Durr\u00ebsit nga ana tjet\u00ebr thot\u00eb se rritja e \u00e7mimit do t\u00eb ket\u00eb efekte n\u00eb p\u00ebrmir\u00ebsimin e sh\u00ebrbimit dhe cil\u00ebsis\u00eb n\u00eb linjat e transportit urban n\u00eb qytetin bregdetar.<\/p>\n<p>&nbsp;<\/p>","protected":false},"excerpt":{"rendered":"<p>Banor\u00ebt e Durr\u00ebsit do t\u00eb jen\u00eb t\u00eb radh\u00ebs q\u00eb do t\u00eb p\u00ebrballen me rritje t\u00eb \u00e7mimit t\u00eb bilet\u00ebs p\u00ebr transportin urban. \u00a0N\u00eb mbledhjen e fundit, K\u00ebshilli bashkiak vendosi \u00e7mimin 40 lek p\u00ebr bilet\u00eb. Por vendimi \u00ebsht\u00eb i panjohur p\u00ebr shum\u00eb qytetar\u00eb, t\u00eb cil\u00ebt nga ana tjet\u00ebr thon\u00eb se bileta e re do ti r\u00ebndoj\u00eb n\u00eb [&hellip;]<\/p>\n","protected":false},"author":2013,"featured_media":0,"comment_status":"open","ping_status":"closed","sticky":false,"template":"","format":"standard","meta":{"footnotes":""},"categories":[241,235],"tags":[],"class_list":{"0":"post-73978","1":"post","2":"type-post","3":"status-publish","4":"format-standard","6":"category-aktualitet","7":"category-vendi"},"_links":{"self":[{"href":"https:\/\/zjarr.tv\/en\/wp-json\/wp\/v2\/posts\/73978","targetHints":{"allow":["GET"]}}],"collection":[{"href":"https:\/\/zjarr.tv\/en\/wp-json\/wp\/v2\/posts"}],"about":[{"href":"https:\/\/zjarr.tv\/en\/wp-json\/wp\/v2\/types\/post"}],"author":[{"embeddable":true,"href":"https:\/\/zjarr.tv\/en\/wp-json\/wp\/v2\/users\/2013"}],"replies":[{"embeddable":true,"href":"https:\/\/zjarr.tv\/en\/wp-json\/wp\/v2\/comments?post=73978"}],"version-history":[{"count":0,"href":"https:\/\/zjarr.tv\/en\/wp-json\/wp\/v2\/posts\/73978\/revisions"}],"wp:attachment":[{"href":"https:\/\/zjarr.tv\/en\/wp-json\/wp\/v2\/media?parent=73978"}],"wp:term":[{"taxonomy":"category","embeddable":true,"href":"https:\/\/zjarr.tv\/en\/wp-json\/wp\/v2\/categories?post=73978"},{"taxonomy":"post_tag","embeddable":true,"href":"https:\/\/zjarr.tv\/en\/wp-json\/wp\/v2\/tags?post=73978"}],"curies":[{"name":"wp","href":"https:\/\/api.w.org\/{rel}","templated":true}]}}