{"id":73981,"date":"2019-03-14T19:00:37","date_gmt":"2019-03-14T18:00:37","guid":{"rendered":"https:\/\/zjarr.tv\/?p=73981"},"modified":"2019-03-14T17:48:35","modified_gmt":"2019-03-14T16:48:35","slug":"zbulohen-prapaskenat-qe-derguan-zidane-te-reali","status":"publish","type":"post","link":"https:\/\/zjarr.tv\/en\/zbulohen-prapaskenat-qe-derguan-zidane-te-reali\/","title":{"rendered":"Zbulohen prapaskenat q\u00eb d\u00ebrguan Zidane te Reali"},"content":{"rendered":"<p>Zinedine Zidane do t\u00eb jet\u00eb trajner i Realit t\u00eb Madridit deri n\u00eb vitin 2022.<br \/>\nFrancezi firmosi p\u00ebr klubin spanjoll vet\u00ebm 24 or\u00eb m\u00eb par\u00eb, teksa bindi drejtuesit p\u00ebr ta ulur n\u00eb pankin\u00ebn e &#8220;Santiago Bernabeu&#8221; pas nj\u00eb gjys\u00ebm sezoni larg tij.\u00a0 \u00a0N\u00eb gar\u00eb p\u00ebr pankin\u00ebn e Realit ishte dhe Jose Mourinho, por ky i fundit listoi edhe kushtet p\u00ebr drejtuesit. Sipas &#8220;Sport&#8221;, ish-trajneri i Manchester United besonte vet\u00ebm te Karim Benzema dhe Sergio Ramos.\u00a0 Di\u00e7ka e cila nuk bindi presidentin e Realit, Florentino Perez, q\u00eb i dha besim Zidane p\u00ebr 3 vitet e ardhshme.<\/p>\n<p>&nbsp;<\/p>","protected":false},"excerpt":{"rendered":"<p>Zinedine Zidane do t\u00eb jet\u00eb trajner i Realit t\u00eb Madridit deri n\u00eb vitin 2022. Francezi firmosi p\u00ebr klubin spanjoll vet\u00ebm 24 or\u00eb m\u00eb par\u00eb, teksa bindi drejtuesit p\u00ebr ta ulur n\u00eb pankin\u00ebn e &#8220;Santiago Bernabeu&#8221; pas nj\u00eb gjys\u00ebm sezoni larg tij.\u00a0 \u00a0N\u00eb gar\u00eb p\u00ebr pankin\u00ebn e Realit ishte dhe Jose Mourinho, por ky i fundit [&hellip;]<\/p>\n","protected":false},"author":2013,"featured_media":0,"comment_status":"open","ping_status":"closed","sticky":false,"template":"","format":"standard","meta":{"footnotes":""},"categories":[241,192],"tags":[],"class_list":{"0":"post-73981","1":"post","2":"type-post","3":"status-publish","4":"format-standard","6":"category-aktualitet","7":"category-sport"},"_links":{"self":[{"href":"https:\/\/zjarr.tv\/en\/wp-json\/wp\/v2\/posts\/73981","targetHints":{"allow":["GET"]}}],"collection":[{"href":"https:\/\/zjarr.tv\/en\/wp-json\/wp\/v2\/posts"}],"about":[{"href":"https:\/\/zjarr.tv\/en\/wp-json\/wp\/v2\/types\/post"}],"author":[{"embeddable":true,"href":"https:\/\/zjarr.tv\/en\/wp-json\/wp\/v2\/users\/2013"}],"replies":[{"embeddable":true,"href":"https:\/\/zjarr.tv\/en\/wp-json\/wp\/v2\/comments?post=73981"}],"version-history":[{"count":0,"href":"https:\/\/zjarr.tv\/en\/wp-json\/wp\/v2\/posts\/73981\/revisions"}],"wp:attachment":[{"href":"https:\/\/zjarr.tv\/en\/wp-json\/wp\/v2\/media?parent=73981"}],"wp:term":[{"taxonomy":"category","embeddable":true,"href":"https:\/\/zjarr.tv\/en\/wp-json\/wp\/v2\/categories?post=73981"},{"taxonomy":"post_tag","embeddable":true,"href":"https:\/\/zjarr.tv\/en\/wp-json\/wp\/v2\/tags?post=73981"}],"curies":[{"name":"wp","href":"https:\/\/api.w.org\/{rel}","templated":true}]}}