{"id":73983,"date":"2019-03-14T18:15:20","date_gmt":"2019-03-14T17:15:20","guid":{"rendered":"https:\/\/zjarr.tv\/?p=73983"},"modified":"2019-03-14T17:52:24","modified_gmt":"2019-03-14T16:52:24","slug":"sulm-ndaj-ambasades-se-korese-se-veriut-ne-spanje","status":"publish","type":"post","link":"https:\/\/zjarr.tv\/en\/sulm-ndaj-ambasades-se-korese-se-veriut-ne-spanje\/","title":{"rendered":"Sulm ndaj ambasad\u00ebs s\u00eb Kores\u00eb s\u00eb Veriut n\u00eb Spanj\u00eb"},"content":{"rendered":"<p>CIA mund t\u00eb ket\u00eb dor\u00eb n\u00eb bastisjen e ambasad\u00ebs s\u00eb Kores\u00eb s\u00eb Veriut n\u00eb Spanj\u00eb, raportojn\u00eb mediat lokale duke cituar burimet e hetimit. \u00a0T\u00eb pakt\u00ebn dy nga 10 autor\u00ebt, t\u00eb cil\u00ebt hyn\u00eb n\u00eb ambasad\u00eb, jan\u00eb identifikuar dhe jan\u00eb t\u00eb lidhur me Agjencin\u00eb Qendrore t\u00eb Inteligjenc\u00ebs, njoftoi t\u00eb m\u00ebrkur\u00ebn El Pais. Nd\u00ebrsa spiun\u00ebt amerikan\u00eb tashm\u00eb kan\u00eb mohuar p\u00ebrfshirjen e tyre, ato ishin mjaft \u201cjo bind\u00ebs\u201d, than\u00eb burime qeveritare n\u00eb gazet\u00eb. Incidenti i \u00e7uditsh\u00ebm ndodhi m\u00eb 22 shkurt, kur nj\u00eb grup njer\u00ebzish sulmoi misionin e Kores\u00eb s\u00eb Veriut n\u00eb Spanj\u00eb, t\u00eb vendosur n\u00eb Madrid.<\/p>\n<p>Disa diplomat\u00eb k\u00ebrkuan kujdes mjek\u00ebsor pas incidentit p\u00ebr shkak t\u00eb l\u00ebndimeve t\u00eb lehta. Nd\u00ebrsa sulmi u raportua gjer\u00ebsisht nga mediat lokale dhe ambasada nuk dh\u00ebn\u00eb ndonj\u00eb deklarat\u00eb.<\/p>\n<p>Mendohet se autor\u00ebt mund t\u00eb ken\u00eb k\u00ebrkuar informacion p\u00ebr ish-ambasadorin e Kores\u00eb s\u00eb Veriut n\u00eb Spanj\u00eb, Kym Hyok Chol. \u00a0Diplomati ka sh\u00ebrbyer n\u00eb objektin p\u00ebr vite me rradh\u00eb, megjithat\u00eb ai u d\u00ebbua mbrapa n\u00eb vitin 2017 mes testeve b\u00ebrthamore t\u00eb nj\u00ebpasnj\u00ebshme t\u00eb mbajtur nga Pheniani. Ai m\u00eb von\u00eb u bashkua me ekipin negociator t\u00eb vendit dhe mori pjes\u00eb n\u00eb organizimin e samitit Trump-Kim n\u00eb Vietnam, i cili d\u00ebshtoi vet\u00ebm pes\u00eb dit\u00eb pas incidentit t\u00eb Madridit.<\/p>\n<p>&nbsp;<\/p>","protected":false},"excerpt":{"rendered":"<p>CIA mund t\u00eb ket\u00eb dor\u00eb n\u00eb bastisjen e ambasad\u00ebs s\u00eb Kores\u00eb s\u00eb Veriut n\u00eb Spanj\u00eb, raportojn\u00eb mediat lokale duke cituar burimet e hetimit. \u00a0T\u00eb pakt\u00ebn dy nga 10 autor\u00ebt, t\u00eb cil\u00ebt hyn\u00eb n\u00eb ambasad\u00eb, jan\u00eb identifikuar dhe jan\u00eb t\u00eb lidhur me Agjencin\u00eb Qendrore t\u00eb Inteligjenc\u00ebs, njoftoi t\u00eb m\u00ebrkur\u00ebn El Pais. Nd\u00ebrsa spiun\u00ebt amerikan\u00eb tashm\u00eb kan\u00eb [&hellip;]<\/p>\n","protected":false},"author":2013,"featured_media":0,"comment_status":"open","ping_status":"closed","sticky":false,"template":"","format":"standard","meta":{"footnotes":""},"categories":[241,191],"tags":[],"class_list":{"0":"post-73983","1":"post","2":"type-post","3":"status-publish","4":"format-standard","6":"category-aktualitet","7":"category-bota"},"_links":{"self":[{"href":"https:\/\/zjarr.tv\/en\/wp-json\/wp\/v2\/posts\/73983","targetHints":{"allow":["GET"]}}],"collection":[{"href":"https:\/\/zjarr.tv\/en\/wp-json\/wp\/v2\/posts"}],"about":[{"href":"https:\/\/zjarr.tv\/en\/wp-json\/wp\/v2\/types\/post"}],"author":[{"embeddable":true,"href":"https:\/\/zjarr.tv\/en\/wp-json\/wp\/v2\/users\/2013"}],"replies":[{"embeddable":true,"href":"https:\/\/zjarr.tv\/en\/wp-json\/wp\/v2\/comments?post=73983"}],"version-history":[{"count":0,"href":"https:\/\/zjarr.tv\/en\/wp-json\/wp\/v2\/posts\/73983\/revisions"}],"wp:attachment":[{"href":"https:\/\/zjarr.tv\/en\/wp-json\/wp\/v2\/media?parent=73983"}],"wp:term":[{"taxonomy":"category","embeddable":true,"href":"https:\/\/zjarr.tv\/en\/wp-json\/wp\/v2\/categories?post=73983"},{"taxonomy":"post_tag","embeddable":true,"href":"https:\/\/zjarr.tv\/en\/wp-json\/wp\/v2\/tags?post=73983"}],"curies":[{"name":"wp","href":"https:\/\/api.w.org\/{rel}","templated":true}]}}