{"id":73992,"date":"2019-03-14T18:40:14","date_gmt":"2019-03-14T17:40:14","guid":{"rendered":"https:\/\/zjarr.tv\/?p=73992"},"modified":"2019-03-14T18:12:04","modified_gmt":"2019-03-14T17:12:04","slug":"rikthehet-gripi-30-vizita-ne-dite-ne-qendrat-shendetesore","status":"publish","type":"post","link":"https:\/\/zjarr.tv\/en\/rikthehet-gripi-30-vizita-ne-dite-ne-qendrat-shendetesore\/","title":{"rendered":"Rikthehet gripi, 30 vizita n\u00eb dit\u00eb n\u00eb qendrat sh\u00ebnd\u00ebtesore"},"content":{"rendered":"<p><em>Rreth 30 vizita n\u00eb dit\u00eb regjistrohen n\u00eb nj\u00eb qend\u00ebr sh\u00ebndet\u00ebsore n\u00eb Tiran\u00eb, p\u00ebr shkak t\u00eb virozave stinore. Ndryshimi i temperaturave ka risjell\u00eb v\u00ebmendjen te infeksionet respiratore.<\/em><\/p>\n<p>Ndryshimi i temperaturave t\u00eb pakt\u00ebn p\u00ebr tre dit\u00ebt e fundit ka sjell\u00eb edhe shtimin e numrit t\u00eb virozave n\u00eb qendrat sh\u00ebndet\u00ebsore.<\/p>\n<p>Rreth 30 t\u00eb tilla regjistrohen thuajse \u00e7do dit\u00eb, nd\u00ebrsa mjek\u00ebt apelojn\u00eb p\u00ebr nj\u00eb kujdes t\u00eb shtuar gjat\u00eb k\u00ebsaj periudhe.<\/p>\n<p><strong>Donika Jorga:\u00a0<\/strong><em>Vazhdon t\u00eb ket\u00eb akoma dhe m\u00eb shum\u00eb raste me virozat e stin\u00ebs q\u00eb jan\u00eb kryesisht t\u00eb rrug\u00ebve t\u00eb sip\u00ebrme t\u00eb frym\u00ebmarrjes dhe ato t\u00eb tretjes por q\u00eb jan\u00eb m\u00eb t\u00eb pakt\u00eb n\u00eb num\u00ebr. Rrug\u00ebt e sip\u00ebrme t\u00eb frym\u00ebmarrjes jan\u00eb numri m\u00eb i madh, nd\u00ebrsa komplikacionet nga k\u00ebto viroza q\u00eb kapin rrug\u00ebt e frym\u00ebmarrjes p\u00ebr rrug\u00ebt e poshtme t\u00eb frym\u00ebmarrjes jan\u00eb m\u00eb t\u00eb pakta.<\/em><\/p>\n<p>Rreth 472 persona jan\u00eb prekur nga virusi i gripit p\u00ebr periudh\u00ebn janar-mars 2019.<\/p>\n<p>Mjekja, Donika Jorga, p\u00ebrs\u00ebrit apelin dhe sensibilizimin ndaj qytetar\u00ebve p\u00ebr t\u00eb treguar kujdes gjat\u00eb k\u00ebsaj periudhe.<\/p>\n<p>&nbsp;<\/p>\n<p>&nbsp;<\/p>","protected":false},"excerpt":{"rendered":"<p>Rreth 30 vizita n\u00eb dit\u00eb regjistrohen n\u00eb nj\u00eb qend\u00ebr sh\u00ebndet\u00ebsore n\u00eb Tiran\u00eb, p\u00ebr shkak t\u00eb virozave stinore. Ndryshimi i temperaturave ka risjell\u00eb v\u00ebmendjen te infeksionet respiratore. Ndryshimi i temperaturave t\u00eb pakt\u00ebn p\u00ebr tre dit\u00ebt e fundit ka sjell\u00eb edhe shtimin e numrit t\u00eb virozave n\u00eb qendrat sh\u00ebndet\u00ebsore. Rreth 30 t\u00eb tilla regjistrohen thuajse \u00e7do dit\u00eb, [&hellip;]<\/p>\n","protected":false},"author":2013,"featured_media":0,"comment_status":"open","ping_status":"closed","sticky":false,"template":"","format":"standard","meta":{"footnotes":""},"categories":[241,235],"tags":[],"class_list":{"0":"post-73992","1":"post","2":"type-post","3":"status-publish","4":"format-standard","6":"category-aktualitet","7":"category-vendi"},"_links":{"self":[{"href":"https:\/\/zjarr.tv\/en\/wp-json\/wp\/v2\/posts\/73992","targetHints":{"allow":["GET"]}}],"collection":[{"href":"https:\/\/zjarr.tv\/en\/wp-json\/wp\/v2\/posts"}],"about":[{"href":"https:\/\/zjarr.tv\/en\/wp-json\/wp\/v2\/types\/post"}],"author":[{"embeddable":true,"href":"https:\/\/zjarr.tv\/en\/wp-json\/wp\/v2\/users\/2013"}],"replies":[{"embeddable":true,"href":"https:\/\/zjarr.tv\/en\/wp-json\/wp\/v2\/comments?post=73992"}],"version-history":[{"count":0,"href":"https:\/\/zjarr.tv\/en\/wp-json\/wp\/v2\/posts\/73992\/revisions"}],"wp:attachment":[{"href":"https:\/\/zjarr.tv\/en\/wp-json\/wp\/v2\/media?parent=73992"}],"wp:term":[{"taxonomy":"category","embeddable":true,"href":"https:\/\/zjarr.tv\/en\/wp-json\/wp\/v2\/categories?post=73992"},{"taxonomy":"post_tag","embeddable":true,"href":"https:\/\/zjarr.tv\/en\/wp-json\/wp\/v2\/tags?post=73992"}],"curies":[{"name":"wp","href":"https:\/\/api.w.org\/{rel}","templated":true}]}}