{"id":74512,"date":"2019-03-17T19:00:52","date_gmt":"2019-03-17T18:00:52","guid":{"rendered":"https:\/\/zjarr.tv\/?p=74512"},"modified":"2019-03-17T16:18:47","modified_gmt":"2019-03-17T15:18:47","slug":"haradinaj-kush-eshte-kunder-takses-mund-te-largohen-nga-qeveria","status":"publish","type":"post","link":"https:\/\/zjarr.tv\/en\/haradinaj-kush-eshte-kunder-takses-mund-te-largohen-nga-qeveria\/","title":{"rendered":"Haradinaj: Kush \u00ebsht\u00eb kund\u00ebr taks\u00ebs, mund t\u00eb largohen nga qeveria"},"content":{"rendered":"<p>Kryeministri i Kosov\u00ebs, Ramush Haradinaj ka th\u00ebn\u00eb se taksa \u00ebsht\u00eb produkt i koalicionit qeveritar dhe vazhdon t\u00eb mbetet e till\u00eb. Haradinaj, n\u00eb RTV Dukagjini, ka th\u00ebn\u00eb se taksa ekziston sepse ka dakordim mes partner\u00ebve t\u00eb koalicionit. \u201cPartner\u00ebt e koalicionit kan\u00eb instrumente tjera n\u00ebse nuk jan\u00eb dakord me taks\u00ebn. Rrug\u00eb alternative \u00ebsht\u00eb t\u00eb dalin nga koalicioni, t\u00eb japin votat p\u00ebr rr\u00ebzimin e Qeveris\u00eb dhe t\u00eb shkojm\u00eb n\u00eb zgjedhje\u201d.<\/p>\n<p>\u201cSikur t\u00eb kishte qen\u00eb nj\u00eb kryeminist\u00ebr tjet\u00ebr, ndoshta do t\u00eb mund t\u00eb b\u00ebnin koalicione tjera, por n\u00ebse rr\u00ebzohet kryeministri bjer edhe qeveria dhe opsion mbeten vet\u00ebm zgjedhjet\u201d, tha ai.<\/p>\n<p>Kryeministri i vendit ka folur edhe p\u00ebr raportet me Presidentin, duke th\u00ebn\u00eb se kan\u00eb disa dallime.<\/p>\n<p>\u201cKa pasur nj\u00eb munges\u00eb trasnparence nga ana e tij p\u00ebr dialogun, por fal\u00ebnderoj\u00eb at\u00eb dhe PDK-n\u00eb q\u00eb kan\u00eb votuar Platform\u00ebn e dialogut\u201d, tha nd\u00ebr t\u00eb tjera Ramush Haradinaj.<\/p>\n<p>&nbsp;<\/p>","protected":false},"excerpt":{"rendered":"<p>Kryeministri i Kosov\u00ebs, Ramush Haradinaj ka th\u00ebn\u00eb se taksa \u00ebsht\u00eb produkt i koalicionit qeveritar dhe vazhdon t\u00eb mbetet e till\u00eb. Haradinaj, n\u00eb RTV Dukagjini, ka th\u00ebn\u00eb se taksa ekziston sepse ka dakordim mes partner\u00ebve t\u00eb koalicionit. \u201cPartner\u00ebt e koalicionit kan\u00eb instrumente tjera n\u00ebse nuk jan\u00eb dakord me taks\u00ebn. Rrug\u00eb alternative \u00ebsht\u00eb t\u00eb dalin nga koalicioni, [&hellip;]<\/p>\n","protected":false},"author":2013,"featured_media":62153,"comment_status":"open","ping_status":"closed","sticky":false,"template":"","format":"standard","meta":{"footnotes":""},"categories":[241,2],"tags":[],"class_list":{"0":"post-74512","1":"post","2":"type-post","3":"status-publish","4":"format-standard","5":"has-post-thumbnail","7":"category-aktualitet","8":"category-rajoni"},"_links":{"self":[{"href":"https:\/\/zjarr.tv\/en\/wp-json\/wp\/v2\/posts\/74512","targetHints":{"allow":["GET"]}}],"collection":[{"href":"https:\/\/zjarr.tv\/en\/wp-json\/wp\/v2\/posts"}],"about":[{"href":"https:\/\/zjarr.tv\/en\/wp-json\/wp\/v2\/types\/post"}],"author":[{"embeddable":true,"href":"https:\/\/zjarr.tv\/en\/wp-json\/wp\/v2\/users\/2013"}],"replies":[{"embeddable":true,"href":"https:\/\/zjarr.tv\/en\/wp-json\/wp\/v2\/comments?post=74512"}],"version-history":[{"count":0,"href":"https:\/\/zjarr.tv\/en\/wp-json\/wp\/v2\/posts\/74512\/revisions"}],"wp:featuredmedia":[{"embeddable":true,"href":"https:\/\/zjarr.tv\/en\/wp-json\/wp\/v2\/media\/62153"}],"wp:attachment":[{"href":"https:\/\/zjarr.tv\/en\/wp-json\/wp\/v2\/media?parent=74512"}],"wp:term":[{"taxonomy":"category","embeddable":true,"href":"https:\/\/zjarr.tv\/en\/wp-json\/wp\/v2\/categories?post=74512"},{"taxonomy":"post_tag","embeddable":true,"href":"https:\/\/zjarr.tv\/en\/wp-json\/wp\/v2\/tags?post=74512"}],"curies":[{"name":"wp","href":"https:\/\/api.w.org\/{rel}","templated":true}]}}