{"id":74514,"date":"2019-03-17T19:10:40","date_gmt":"2019-03-17T18:10:40","guid":{"rendered":"https:\/\/zjarr.tv\/?p=74514"},"modified":"2019-03-17T16:22:21","modified_gmt":"2019-03-17T15:22:21","slug":"duka-mesazh-sejdinit-njeriu-i-duhur-per-te-ndihmuar-futbollin","status":"publish","type":"post","link":"https:\/\/zjarr.tv\/en\/duka-mesazh-sejdinit-njeriu-i-duhur-per-te-ndihmuar-futbollin\/","title":{"rendered":"Duka mesazh Sejdinit: Njeriu i duhur p\u00ebr t\u00eb ndihmuar futbollin"},"content":{"rendered":"<p>Presidenti i Federat\u00ebs Shqiptare t\u00eb Futbollit, Armand Duka, ka uruar p\u00ebr zgjedhjen e Muhamed Sejdini n\u00eb krye t\u00eb Federat\u00ebs s\u00eb Futbollit s\u00eb Maqedonis\u00eb s\u00eb Veriut. Sejdini ka fituar bindsh\u00ebm ku ka marr\u00eb 82 nga 90 vota. Presidenti Duka p\u00ebrmes rrjeteve sociale ka b\u00ebr\u00eb k\u00ebt\u00eb urim p\u00ebr homologun e tij:<\/p>\n<p><em>&#8220;T\u00eb nderuar miq,<\/em><\/p>\n<p><em>Dua t\u00eb ndaj me ju g\u00ebzimin dhe k\u00ebnaq\u00ebsin\u00eb time dhe Federat\u00ebs Shqiptare t\u00eb Futbollit p\u00ebr zgjedhjen n\u00eb krye t\u00eb Federat\u00ebs s\u00eb Futbollit t\u00eb Maqedonis\u00eb Veriore t\u00eb mikut tim Muhamed Sejdini.<\/em><br \/>\n<em>Kam besim t\u00eb plot\u00eb se ky besim i dh\u00ebn\u00eb p\u00ebr kolegun Sejdini do t\u00eb ndihmoj\u00eb n\u00eb rritjen e m\u00ebtejshme t\u00eb l\u00ebvizjes futbollistike n\u00eb vendin fqinj.&#8221;-<\/em>thuhej n\u00eb mesazhin e d\u00ebrguar nga Duka p\u00ebr Sejdinin.<\/p>\n<p>&nbsp;<\/p>","protected":false},"excerpt":{"rendered":"<p>Presidenti i Federat\u00ebs Shqiptare t\u00eb Futbollit, Armand Duka, ka uruar p\u00ebr zgjedhjen e Muhamed Sejdini n\u00eb krye t\u00eb Federat\u00ebs s\u00eb Futbollit s\u00eb Maqedonis\u00eb s\u00eb Veriut. Sejdini ka fituar bindsh\u00ebm ku ka marr\u00eb 82 nga 90 vota. Presidenti Duka p\u00ebrmes rrjeteve sociale ka b\u00ebr\u00eb k\u00ebt\u00eb urim p\u00ebr homologun e tij: &#8220;T\u00eb nderuar miq, Dua t\u00eb ndaj [&hellip;]<\/p>\n","protected":false},"author":2013,"featured_media":54976,"comment_status":"open","ping_status":"closed","sticky":false,"template":"","format":"standard","meta":{"footnotes":""},"categories":[241,192],"tags":[],"class_list":{"0":"post-74514","1":"post","2":"type-post","3":"status-publish","4":"format-standard","5":"has-post-thumbnail","7":"category-aktualitet","8":"category-sport"},"_links":{"self":[{"href":"https:\/\/zjarr.tv\/en\/wp-json\/wp\/v2\/posts\/74514","targetHints":{"allow":["GET"]}}],"collection":[{"href":"https:\/\/zjarr.tv\/en\/wp-json\/wp\/v2\/posts"}],"about":[{"href":"https:\/\/zjarr.tv\/en\/wp-json\/wp\/v2\/types\/post"}],"author":[{"embeddable":true,"href":"https:\/\/zjarr.tv\/en\/wp-json\/wp\/v2\/users\/2013"}],"replies":[{"embeddable":true,"href":"https:\/\/zjarr.tv\/en\/wp-json\/wp\/v2\/comments?post=74514"}],"version-history":[{"count":0,"href":"https:\/\/zjarr.tv\/en\/wp-json\/wp\/v2\/posts\/74514\/revisions"}],"wp:featuredmedia":[{"embeddable":true,"href":"https:\/\/zjarr.tv\/en\/wp-json\/wp\/v2\/media\/54976"}],"wp:attachment":[{"href":"https:\/\/zjarr.tv\/en\/wp-json\/wp\/v2\/media?parent=74514"}],"wp:term":[{"taxonomy":"category","embeddable":true,"href":"https:\/\/zjarr.tv\/en\/wp-json\/wp\/v2\/categories?post=74514"},{"taxonomy":"post_tag","embeddable":true,"href":"https:\/\/zjarr.tv\/en\/wp-json\/wp\/v2\/tags?post=74514"}],"curies":[{"name":"wp","href":"https:\/\/api.w.org\/{rel}","templated":true}]}}