{"id":74527,"date":"2019-03-17T19:50:43","date_gmt":"2019-03-17T18:50:43","guid":{"rendered":"https:\/\/zjarr.tv\/?p=74527"},"modified":"2019-03-17T16:38:00","modified_gmt":"2019-03-17T15:38:00","slug":"mogherini-kritikon-hapur-rusine-per-krimen","status":"publish","type":"post","link":"https:\/\/zjarr.tv\/en\/mogherini-kritikon-hapur-rusine-per-krimen\/","title":{"rendered":"Mogherini kritikon hapur Rusin\u00eb p\u00ebr Krimen"},"content":{"rendered":"<p>Shefja p\u00ebr Politik\u00eb t\u00eb Jashtme dhe Siguri e Bashkimit Evropian, ka kritikuar Rusin\u00eb n\u00eb prag t\u00eb pes\u00ebvjetorit t\u00eb aneksimit t\u00eb Gadishullit ukrainas t\u00eb Krimes\u00eb nga Kremlini. N\u00eb nj\u00eb deklarat\u00eb t\u00eb l\u00ebshuar sot, vet\u00ebm nj\u00eb dit\u00eb para pes\u00ebvjetorit t\u00eb aneksimit t\u00eb Krimes\u00eb nga Rusia, shefja p\u00ebr Politik\u00eb t\u00eb Jashtme dhe Siguri e BE-s\u00eb, Federica Mogherini ka th\u00ebn\u00eb se BE-ja \u201cvazhdont\u00eb jet\u00eb e pal\u00ebkundur n\u00eb angazhimin e saj ndaj sovranitetit dhe integritetit territorial t\u00eb Ukrain\u00ebs\u201d.<\/p>\n<p>\u201cBashkimi Evropian p\u00ebrs\u00ebrit se nuk njeh dhe vazhdon ta d\u00ebnoj\u00eb shkeljen e ligjeve nd\u00ebrkomb\u00ebtare. Vazhdon t\u00eb jet\u00eb nj\u00eb sfid\u00eb (aneksimi i Krimes\u00eb) p\u00ebr sigurin\u00eb nd\u00ebrkomb\u00ebtare me implikime t\u00eb m\u00ebdha n\u00eb rendin ligjor nd\u00ebrkomb\u00ebtar q\u00eb mbron integritetin territorial, unitetin dhe sovranitetin e t\u00eb gjitha shteteve\u201d, ka th\u00ebn\u00eb Mogherini, shkruan REL.<\/p>\n<p>Mogherini po ashtu ka th\u00ebn\u00eb se \u201cshkeljet e ligjit nd\u00ebrkomb\u00ebtar nga Rusia kan\u00eb \u00e7uar n\u00eb rritjen e rrezikshme t\u00eb tensioneve n\u00eb Ngushtic\u00ebn K\u00ebr\u00e7 dhe Detin Azov\u201d.<\/p>\n<p>P\u00ebrfaq\u00ebsuesja e Lart\u00eb e BE-s\u00eb, po ashtu ka th\u00ebn\u00eb se \u201cp\u00ebrdorimi i pajustifikuar i forc\u00ebs\u201d nga Rusia n\u00eb n\u00ebntorin e vitit t\u00eb kaluar, ndaj anijeve ukrainase dhe kapjen e an\u00ebtar\u00ebve t\u00eb ekuipazhit n\u00eb Ngushtic\u00ebn K\u00ebr\u00e7, q\u00eb gjendet af\u00ebr Krimes\u00eb, \u201c\u00ebsht\u00eb nj\u00eb p\u00ebrkujtues i efekteve negative q\u00eb ka aneksimi i paligjsh\u00ebm i Gadishullit t\u00eb Krimes\u00eb n\u00eb stabilitetin rajonal\u201d<\/p>\n<p>&nbsp;<\/p>\n<p>&nbsp;<\/p>","protected":false},"excerpt":{"rendered":"<p>Shefja p\u00ebr Politik\u00eb t\u00eb Jashtme dhe Siguri e Bashkimit Evropian, ka kritikuar Rusin\u00eb n\u00eb prag t\u00eb pes\u00ebvjetorit t\u00eb aneksimit t\u00eb Gadishullit ukrainas t\u00eb Krimes\u00eb nga Kremlini. N\u00eb nj\u00eb deklarat\u00eb t\u00eb l\u00ebshuar sot, vet\u00ebm nj\u00eb dit\u00eb para pes\u00ebvjetorit t\u00eb aneksimit t\u00eb Krimes\u00eb nga Rusia, shefja p\u00ebr Politik\u00eb t\u00eb Jashtme dhe Siguri e BE-s\u00eb, Federica Mogherini ka [&hellip;]<\/p>\n","protected":false},"author":2013,"featured_media":51888,"comment_status":"open","ping_status":"closed","sticky":false,"template":"","format":"standard","meta":{"footnotes":""},"categories":[241,191],"tags":[],"class_list":{"0":"post-74527","1":"post","2":"type-post","3":"status-publish","4":"format-standard","5":"has-post-thumbnail","7":"category-aktualitet","8":"category-bota"},"_links":{"self":[{"href":"https:\/\/zjarr.tv\/en\/wp-json\/wp\/v2\/posts\/74527","targetHints":{"allow":["GET"]}}],"collection":[{"href":"https:\/\/zjarr.tv\/en\/wp-json\/wp\/v2\/posts"}],"about":[{"href":"https:\/\/zjarr.tv\/en\/wp-json\/wp\/v2\/types\/post"}],"author":[{"embeddable":true,"href":"https:\/\/zjarr.tv\/en\/wp-json\/wp\/v2\/users\/2013"}],"replies":[{"embeddable":true,"href":"https:\/\/zjarr.tv\/en\/wp-json\/wp\/v2\/comments?post=74527"}],"version-history":[{"count":0,"href":"https:\/\/zjarr.tv\/en\/wp-json\/wp\/v2\/posts\/74527\/revisions"}],"wp:featuredmedia":[{"embeddable":true,"href":"https:\/\/zjarr.tv\/en\/wp-json\/wp\/v2\/media\/51888"}],"wp:attachment":[{"href":"https:\/\/zjarr.tv\/en\/wp-json\/wp\/v2\/media?parent=74527"}],"wp:term":[{"taxonomy":"category","embeddable":true,"href":"https:\/\/zjarr.tv\/en\/wp-json\/wp\/v2\/categories?post=74527"},{"taxonomy":"post_tag","embeddable":true,"href":"https:\/\/zjarr.tv\/en\/wp-json\/wp\/v2\/tags?post=74527"}],"curies":[{"name":"wp","href":"https:\/\/api.w.org\/{rel}","templated":true}]}}