{"id":74533,"date":"2019-03-17T16:49:17","date_gmt":"2019-03-17T15:49:17","guid":{"rendered":"https:\/\/zjarr.tv\/?p=74533"},"modified":"2019-03-17T16:49:17","modified_gmt":"2019-03-17T15:49:17","slug":"termeti-godet-greqine","status":"publish","type":"post","link":"https:\/\/zjarr.tv\/en\/termeti-godet-greqine\/","title":{"rendered":"Termeti godet Greqin\u00eb"},"content":{"rendered":"<p>Nj\u00eb t\u00ebrmet me magnitud\u00eb 4.5 ka goditur Greqin\u00eb mesdit\u00ebn e sotme. Epiqendra ishte 15 kilometra n\u00eb juglindje t\u00eb ishullit t\u00eb Zakyntho. T\u00ebrmeti ra n\u00eb nj\u00eb thell\u00ebsi prej 12 km n\u00ebntok\u00eb dhe l\u00ebkundjet u ndjen\u00eb edhe n\u00eb qytetet Patra, Athin\u00eb dhe zona t\u00eb tjera p\u00ebrreth. Nga t\u00ebrmeti nuk ka raportime p\u00ebr persona t\u00eb l\u00ebnduar dhe as p\u00ebr d\u00ebme materiale.<\/p>","protected":false},"excerpt":{"rendered":"<p>Nj\u00eb t\u00ebrmet me magnitud\u00eb 4.5 ka goditur Greqin\u00eb mesdit\u00ebn e sotme. Epiqendra ishte 15 kilometra n\u00eb juglindje t\u00eb ishullit t\u00eb Zakyntho. T\u00ebrmeti ra n\u00eb nj\u00eb thell\u00ebsi prej 12 km n\u00ebntok\u00eb dhe l\u00ebkundjet u ndjen\u00eb edhe n\u00eb qytetet Patra, Athin\u00eb dhe zona t\u00eb tjera p\u00ebrreth. Nga t\u00ebrmeti nuk ka raportime p\u00ebr persona t\u00eb l\u00ebnduar dhe as [&hellip;]<\/p>\n","protected":false},"author":2013,"featured_media":67195,"comment_status":"open","ping_status":"closed","sticky":false,"template":"","format":"standard","meta":{"footnotes":""},"categories":[241,2],"tags":[],"class_list":{"0":"post-74533","1":"post","2":"type-post","3":"status-publish","4":"format-standard","5":"has-post-thumbnail","7":"category-aktualitet","8":"category-rajoni"},"_links":{"self":[{"href":"https:\/\/zjarr.tv\/en\/wp-json\/wp\/v2\/posts\/74533","targetHints":{"allow":["GET"]}}],"collection":[{"href":"https:\/\/zjarr.tv\/en\/wp-json\/wp\/v2\/posts"}],"about":[{"href":"https:\/\/zjarr.tv\/en\/wp-json\/wp\/v2\/types\/post"}],"author":[{"embeddable":true,"href":"https:\/\/zjarr.tv\/en\/wp-json\/wp\/v2\/users\/2013"}],"replies":[{"embeddable":true,"href":"https:\/\/zjarr.tv\/en\/wp-json\/wp\/v2\/comments?post=74533"}],"version-history":[{"count":0,"href":"https:\/\/zjarr.tv\/en\/wp-json\/wp\/v2\/posts\/74533\/revisions"}],"wp:featuredmedia":[{"embeddable":true,"href":"https:\/\/zjarr.tv\/en\/wp-json\/wp\/v2\/media\/67195"}],"wp:attachment":[{"href":"https:\/\/zjarr.tv\/en\/wp-json\/wp\/v2\/media?parent=74533"}],"wp:term":[{"taxonomy":"category","embeddable":true,"href":"https:\/\/zjarr.tv\/en\/wp-json\/wp\/v2\/categories?post=74533"},{"taxonomy":"post_tag","embeddable":true,"href":"https:\/\/zjarr.tv\/en\/wp-json\/wp\/v2\/tags?post=74533"}],"curies":[{"name":"wp","href":"https:\/\/api.w.org\/{rel}","templated":true}]}}