{"id":74553,"date":"2019-03-17T17:28:06","date_gmt":"2019-03-17T16:28:06","guid":{"rendered":"https:\/\/zjarr.tv\/?p=74553"},"modified":"2019-03-17T17:28:06","modified_gmt":"2019-03-17T16:28:06","slug":"paloka-mediat-boterore-te-instaluara-ne-shqiperi-po-presin-rrezimin-e-rames","status":"publish","type":"post","link":"https:\/\/zjarr.tv\/en\/paloka-mediat-boterore-te-instaluara-ne-shqiperi-po-presin-rrezimin-e-rames\/","title":{"rendered":"Paloka: Mediat boterore te instaluara ne Shqiperi, po presin rrezimin e Rames"},"content":{"rendered":"<p>Zyrtari i lart\u00eb demokrat Edi Paloka ka komentuar reagimin e fort\u00eb t\u00eb mediave kryesore t\u00eb bot\u00ebs p\u00ebr protest\u00ebn e jasht\u00ebzakonshme t\u00eb opozit\u00ebs q\u00eb u zhvillua t\u00eb shtun\u00ebn n\u00eb Tiran\u00eb.<\/p>\n<p><strong>Ja reagimi i plot\u00eb i Palok\u00ebs \u00a0<\/strong><\/p>\n<p><em>Mediat boterore te instaluara ne Shqiperi, po presin rrezimin e Rames.<\/em><\/p>\n<p><em>Mediat me te rendesishme te globit , po pasqyrojne ne vazhdimesi protestat antiRama ne Shqiperi. Nje pjese e ketyre mediave , kane instaluar grupet e gazetareve prej disa kohesh ne Tirane, duke patur keshtu nje prezence thuajse permanente.<\/em><\/p>\n<p><em>Jo vetem kaq, po te gjitha keto media jane pozicionuar qartazi ne krah te qytetareve protestues dhe alternojne materialet qe publikojne kunder qeverise Rama me ato qe paraqesin kerkesat e protestuesve. Kur ne grupin e ketyre mediave pastaj rreshtohet dhe \u201c\u00cbashington Post\u201d atehere dhe profanet e shohin qe Rama nuk i ka fare punet mire dhe atje ku perpiqet te tregoje te kunderten, ne opinionin nderkombetar.<\/em><\/p>\n<p><em>Policet, telat me gjemba, gazi, antiplumbi dhe Parlamenti ne ilegalitet jane shenjat me te qarta per kedo se fundi i Rames eshte me se i afert.\u00a0<\/em><br \/>\n<em>Madje dhe administrata qe e leviz si cirk shetites megjithe karrige nga nje qytet ne tjetrin, per te treguar se dhe ai ka mbeshtetesit e tij, ne fakt vetem sa e perforcon bindjen jo vetem te shqiptareve , po tanime dhe te mediave nderkombetare, se Rames i ka ardhur fundi. E Rama e di me mire se kushdo qe mediat e huaja kane goxha \u201cnuhatje\u201d per keto ndryshime. Jo me kot jane instaluar ne Shqiperi dhe presin&#8230;<\/em><\/p>\n<p>&nbsp;<\/p>","protected":false},"excerpt":{"rendered":"<p>Zyrtari i lart\u00eb demokrat Edi Paloka ka komentuar reagimin e fort\u00eb t\u00eb mediave kryesore t\u00eb bot\u00ebs p\u00ebr protest\u00ebn e jasht\u00ebzakonshme t\u00eb opozit\u00ebs q\u00eb u zhvillua t\u00eb shtun\u00ebn n\u00eb Tiran\u00eb. Ja reagimi i plot\u00eb i Palok\u00ebs \u00a0 Mediat boterore te instaluara ne Shqiperi, po presin rrezimin e Rames. Mediat me te rendesishme te globit , po [&hellip;]<\/p>\n","protected":false},"author":2013,"featured_media":50732,"comment_status":"open","ping_status":"closed","sticky":false,"template":"","format":"standard","meta":{"footnotes":""},"categories":[241,235],"tags":[],"class_list":{"0":"post-74553","1":"post","2":"type-post","3":"status-publish","4":"format-standard","5":"has-post-thumbnail","7":"category-aktualitet","8":"category-vendi"},"_links":{"self":[{"href":"https:\/\/zjarr.tv\/en\/wp-json\/wp\/v2\/posts\/74553","targetHints":{"allow":["GET"]}}],"collection":[{"href":"https:\/\/zjarr.tv\/en\/wp-json\/wp\/v2\/posts"}],"about":[{"href":"https:\/\/zjarr.tv\/en\/wp-json\/wp\/v2\/types\/post"}],"author":[{"embeddable":true,"href":"https:\/\/zjarr.tv\/en\/wp-json\/wp\/v2\/users\/2013"}],"replies":[{"embeddable":true,"href":"https:\/\/zjarr.tv\/en\/wp-json\/wp\/v2\/comments?post=74553"}],"version-history":[{"count":0,"href":"https:\/\/zjarr.tv\/en\/wp-json\/wp\/v2\/posts\/74553\/revisions"}],"wp:featuredmedia":[{"embeddable":true,"href":"https:\/\/zjarr.tv\/en\/wp-json\/wp\/v2\/media\/50732"}],"wp:attachment":[{"href":"https:\/\/zjarr.tv\/en\/wp-json\/wp\/v2\/media?parent=74553"}],"wp:term":[{"taxonomy":"category","embeddable":true,"href":"https:\/\/zjarr.tv\/en\/wp-json\/wp\/v2\/categories?post=74553"},{"taxonomy":"post_tag","embeddable":true,"href":"https:\/\/zjarr.tv\/en\/wp-json\/wp\/v2\/tags?post=74553"}],"curies":[{"name":"wp","href":"https:\/\/api.w.org\/{rel}","templated":true}]}}