{"id":74555,"date":"2019-03-17T17:31:04","date_gmt":"2019-03-17T16:31:04","guid":{"rendered":"https:\/\/zjarr.tv\/?p=74555"},"modified":"2019-03-17T17:31:04","modified_gmt":"2019-03-17T16:31:04","slug":"mesuesit-e-rinj-ne-provim-per-licensen-datat-e-provimeve","status":"publish","type":"post","link":"https:\/\/zjarr.tv\/en\/mesuesit-e-rinj-ne-provim-per-licensen-datat-e-provimeve\/","title":{"rendered":"M\u00ebsuesit e rinj n\u00eb provim p\u00ebr licens\u00ebn, datat e provimeve"},"content":{"rendered":"<p>Ato nisin nga e h\u00ebna e jav\u00ebs q\u00eb vjen, n\u00eb dat\u00ebn 18 me m\u00ebsuesit e arsimit fillor, t\u00eb cil\u00ebt jan\u00eb m\u00eb t\u00eb shumt\u00ebt n\u00eb num\u00ebr p\u00ebr t\u00eb vijuar me ata t\u00eb shkencave sociale e gjuh\u00ebve t\u00eb huaja. Ky sezon provimesh do t\u00eb zgjas\u00eb gati tri jav\u00eb, deri n\u00eb dat\u00ebn 3 prill, dhe do t\u00eb p\u00ebrfshij\u00eb mij\u00ebra kandidat\u00eb p\u00ebr m\u00ebsues, t\u00eb cil\u00ebt kan\u00eb p\u00ebrfunduar studimet bachelor e master, si dhe kan\u00eb kryer edhe praktik\u00ebn e detyrueshme profesionale.<\/p>\n<p>Si fillim, QSHA-ja ka b\u00ebr\u00eb publike edhe list\u00ebn e kandidat\u00ebve q\u00eb do t\u00eb testohen p\u00ebrgjat\u00eb tri dit\u00ebve t\u00eb para, p\u00ebrbri t\u00eb cil\u00ebve ka vendosur dat\u00ebn dhe or\u00ebn e sakt\u00eb. T\u00eb gjith\u00eb ata q\u00eb gjejn\u00eb emrin n\u00eb list\u00eb, duhet t\u00eb paraqiten s\u00eb paku gjysm\u00eb ore p\u00ebrpara or\u00ebs s\u00eb caktuar, duke mos harruar t\u00eb marrin me vete mjetin identifikimit bashk\u00eb me nj\u00eb kopje t\u00eb saj, fatur\u00ebn e pages\u00ebs bazuar n\u00eb her\u00ebn e pjes\u00ebmarrjes n\u00eb testim, si dhe nj\u00eb kopje t\u00eb diplomave t\u00eb studimeve q\u00eb kan\u00eb kryer. QSHA-ja tregohet e rrept\u00eb me ata q\u00eb nuk tregohen korrekt\u00eb, duke mos i lejuar t\u00eb futen n\u00eb provim, ndon\u00ebse kan\u00eb kryer pages\u00ebn e tarif\u00ebs, e cila \u00ebsht\u00eb e pakthyeshme.<\/p>\n<p>\u201cQSHA-ja nuk do t\u2019u mund\u00ebsoj\u00eb kandidat\u00ebve, t\u00eb cil\u00ebve u mungojn\u00eb dokumentet (tabela ngjitur shkrimit), t\u00eb marrin pjes\u00eb n\u00eb provimin e shtetit p\u00ebr profesionin e rregulluar t\u00eb m\u00ebsuesit. Tarifa e depozituar p\u00ebr llogari t\u00eb Qendr\u00ebs s\u00eb Sh\u00ebrbimeve Arsimore \u00ebsht\u00eb e pakthyeshme dhe e vlefshme vet\u00ebm p\u00ebr sezonin aktual t\u00eb provimit t\u00eb shtetit\u201d, thuhet n\u00eb njoftimin e qendr\u00ebs s\u00eb testimeve, i cili nd\u00ebrkoh\u00eb u kujton kandidat\u00ebve se mund t\u00eb futen n\u00eb testim sa her\u00eb t\u00eb duan. Mjafton t\u00eb paguajn\u00eb nj\u00eb tarif\u00eb n\u00eb rritje prej 2500 lek\u00ebsh mbi tarif\u00ebn baz\u00eb, q\u00eb \u00ebsht\u00eb 10 mij\u00eb. Ky leht\u00ebsim \u00ebsht\u00eb vulosur vitin e shkuar me vendim qeverie, i cili ka liruar dor\u00ebn n\u00eb k\u00ebt\u00eb an\u00eb, krahas shtr\u00ebngimit t\u00eb not\u00ebs mesatare 7 si kriter p\u00ebr t\u2019u futur n\u00eb nj\u00eb nga deg\u00ebt e m\u00ebsuesis\u00eb.<\/p>\n<p>&nbsp;<\/p>\n<p>\u201cT\u00eb mbahet n\u00eb v\u00ebmendje q\u00eb, n\u00eb baz\u00eb t\u00eb vendimit Nr. 560, dat\u00eb 29.09.2018 t\u00eb K\u00ebshillit t\u00eb Ministrave, \u2018P\u00ebr p\u00ebrcaktimin e tarifave p\u00ebr sh\u00ebrbimet e ofruara nga Qendra e Sh\u00ebrbimeve Arsimore\u2019 \u00ebsht\u00eb parashikuar zhvillimi i provimeve t\u00eb shtetit nga kandidat\u00ebt, m\u00eb shum\u00eb se pes\u00eb her\u00eb\u201d. Sakaq, deri n\u00eb dh\u00ebnien e provimit, kandidat\u00ebt mund t\u00eb ushtrohen n\u00eb testime n\u00ebp\u00ebrmjet aplikacionit t\u00eb provimeve t\u00eb shtetit. Nga ana tjet\u00ebr, n\u00eb faqen zyrtare \u00ebsht\u00eb n\u00eb dispozicion dhe fondi i pyetjeve dhe programet orientuese p\u00ebr secilin profesion, nga i cili do t\u00eb p\u00ebrzgjidhen n\u00eb m\u00ebnyr\u00eb rast\u00ebsore pyetjet n\u00eb tez\u00ebn finale.<\/p>\n<p><a href=\"https:\/\/zjarr.tv\/wp-content\/uploads\/2019\/03\/auto_mes1552839060-1.jpg\"><img loading=\"lazy\" decoding=\"async\" class=\"alignnone size-full wp-image-74557\" src=\"https:\/\/zjarr.tv\/wp-content\/uploads\/2019\/03\/auto_mes1552839060-1.jpg\" alt=\"\" width=\"900\" height=\"1543\" srcset=\"https:\/\/zjarr.tv\/wp-content\/uploads\/2019\/03\/auto_mes1552839060-1.jpg 900w, https:\/\/zjarr.tv\/wp-content\/uploads\/2019\/03\/auto_mes1552839060-1-175x300.jpg 175w, https:\/\/zjarr.tv\/wp-content\/uploads\/2019\/03\/auto_mes1552839060-1-768x1317.jpg 768w, https:\/\/zjarr.tv\/wp-content\/uploads\/2019\/03\/auto_mes1552839060-1-597x1024.jpg 597w, https:\/\/zjarr.tv\/wp-content\/uploads\/2019\/03\/auto_mes1552839060-1-696x1193.jpg 696w, https:\/\/zjarr.tv\/wp-content\/uploads\/2019\/03\/auto_mes1552839060-1-245x420.jpg 245w\" sizes=\"auto, (max-width: 900px) 100vw, 900px\" \/><\/a><\/p>","protected":false},"excerpt":{"rendered":"<p>Ato nisin nga e h\u00ebna e jav\u00ebs q\u00eb vjen, n\u00eb dat\u00ebn 18 me m\u00ebsuesit e arsimit fillor, t\u00eb cil\u00ebt jan\u00eb m\u00eb t\u00eb shumt\u00ebt n\u00eb num\u00ebr p\u00ebr t\u00eb vijuar me ata t\u00eb shkencave sociale e gjuh\u00ebve t\u00eb huaja. Ky sezon provimesh do t\u00eb zgjas\u00eb gati tri jav\u00eb, deri n\u00eb dat\u00ebn 3 prill, dhe do t\u00eb p\u00ebrfshij\u00eb [&hellip;]<\/p>\n","protected":false},"author":2013,"featured_media":74556,"comment_status":"open","ping_status":"closed","sticky":false,"template":"","format":"standard","meta":{"footnotes":""},"categories":[241,235],"tags":[],"class_list":{"0":"post-74555","1":"post","2":"type-post","3":"status-publish","4":"format-standard","5":"has-post-thumbnail","7":"category-aktualitet","8":"category-vendi"},"_links":{"self":[{"href":"https:\/\/zjarr.tv\/en\/wp-json\/wp\/v2\/posts\/74555","targetHints":{"allow":["GET"]}}],"collection":[{"href":"https:\/\/zjarr.tv\/en\/wp-json\/wp\/v2\/posts"}],"about":[{"href":"https:\/\/zjarr.tv\/en\/wp-json\/wp\/v2\/types\/post"}],"author":[{"embeddable":true,"href":"https:\/\/zjarr.tv\/en\/wp-json\/wp\/v2\/users\/2013"}],"replies":[{"embeddable":true,"href":"https:\/\/zjarr.tv\/en\/wp-json\/wp\/v2\/comments?post=74555"}],"version-history":[{"count":0,"href":"https:\/\/zjarr.tv\/en\/wp-json\/wp\/v2\/posts\/74555\/revisions"}],"wp:featuredmedia":[{"embeddable":true,"href":"https:\/\/zjarr.tv\/en\/wp-json\/wp\/v2\/media\/74556"}],"wp:attachment":[{"href":"https:\/\/zjarr.tv\/en\/wp-json\/wp\/v2\/media?parent=74555"}],"wp:term":[{"taxonomy":"category","embeddable":true,"href":"https:\/\/zjarr.tv\/en\/wp-json\/wp\/v2\/categories?post=74555"},{"taxonomy":"post_tag","embeddable":true,"href":"https:\/\/zjarr.tv\/en\/wp-json\/wp\/v2\/tags?post=74555"}],"curies":[{"name":"wp","href":"https:\/\/api.w.org\/{rel}","templated":true}]}}