{"id":74972,"date":"2019-03-20T12:36:51","date_gmt":"2019-03-20T11:36:51","guid":{"rendered":"https:\/\/zjarr.tv\/?p=74972"},"modified":"2019-03-20T12:36:51","modified_gmt":"2019-03-20T11:36:51","slug":"helmimi-i-11-nxenesve-cupi-qeveria-spo-kursen-as-femijet","status":"publish","type":"post","link":"https:\/\/zjarr.tv\/en\/helmimi-i-11-nxenesve-cupi-qeveria-spo-kursen-as-femijet\/","title":{"rendered":"Helmimi i 11 nx\u00ebn\u00ebsve, \u00c7upi: Qeveria s\u2019po kursen as f\u00ebmij\u00ebt"},"content":{"rendered":"<p style=\"line-height: 24.0pt;margin: 0in 0in 22.5pt 0in\"><span style=\"color: #18191a\">Pas helmimit t\u00eb 11 nx\u00ebn\u00ebsve sot n\u00eb Bulqiz\u00eb, ka reaguar edhe ish-deputetja e Partis\u00eb Denmokratike, Dhurata \u00c7upi e cila e quan ngjarjen si \u201cskandal\u201d.<\/span><\/p>\n<p style=\"line-height: 24.0pt;text-align: start;margin: 0in 0in 22.5pt 0in\"><span style=\"color: #18191a\">Sipas saj, kjo qeveri nuk po kursen ask\u00ebnd madje as f\u00ebmij\u00ebt q\u00eb prind\u00ebrit i \u00e7ojn\u00eb n\u00eb shkoll\u00eb, por ata p\u00ebrfundojn\u00eb nga pakujdesia e institucioneve n\u00eb spital.<\/span><\/p>\n<p style=\"line-height: 24.0pt;margin: 0in 0in 22.5pt 0in\"><span style=\"color: #18191a\">\u201cSkandal n\u00eb Bulqiz\u00eb, helmohen 11 f\u00ebmij\u00eb t\u00eb shkoll\u00ebs \u201cShefqet Tan\u00e7i\u201d. Ngjarja e r\u00ebnd\u00eb ka ndodhur paraditen e sotme nd\u00ebrsa nx\u00ebn\u00ebsit e klas\u00ebs s\u00eb gjasht\u00eb po kryenin nj\u00eb eksperiment n\u00eb laboratorin e shkoll\u00ebs.<\/span><\/p>\n<p style=\"line-height: 24.0pt;text-align: start;margin: 0in 0in 22.5pt 0in\"><span style=\"color: #18191a\">F\u00ebmij\u00ebt jan\u00eb d\u00ebrguar n\u00eb urgjenc\u00eb duke u p\u00ebrballur me pasoja t\u00eb r\u00ebnda t\u00eb helmimit. P\u00ebr fatin e keq helmi i k\u00ebsaj qeverie nuk po kursen ask\u00ebnd, as f\u00ebmij\u00ebt t\u00eb cil\u00ebt prind\u00ebrit i\u00a0 d\u00ebrgojn\u00eb n\u00eb shkoll\u00eb e i p\u00ebrfundojn\u00eb n\u00eb spital. Duhet t\u00eb merren masa urgjente p\u00ebr largimin e produkteve t\u00eb tilla helmuese nga t\u00eb gjitha shkollat n\u00eb vend.<\/span><\/p>\n<p style=\"line-height: 24.0pt;text-align: start;margin: 0in 0in 22.5pt 0in\"><span style=\"color: #18191a\">T\u00eb\u00a0 kryhet hetim i plot\u00eb nga organet kopetente p\u00ebr k\u00ebt\u00eb ngjarje por edhe p\u00ebr procedurat q\u00eb jan\u00eb ndjekur p\u00ebr pajisjen e shkollave me k\u00ebto produkte q\u00eb u rrezikon sh\u00ebndetin f\u00ebmij\u00ebve. Skenat q\u00eb pam\u00eb sot me f\u00ebmij\u00ebt e k\u00ebsaj shkolle, jan\u00eb tregues i papergjegjshmerise totale te autoriteteve pergjegjese<\/span><\/p>\n<p style=\"line-height: 24.0pt;text-align: start;margin: 0in 0in 22.5pt 0in\"><span style=\"color: #18191a\">F\u00ebmij\u00ebve t\u00eb l\u00ebnduar nga kjo ngjarje u uroj sh\u00ebrim t\u00eb shpejt\u00eb si dhe prind\u00ebrve t\u00eb ken\u00eb durim p\u00ebr ta kaluar k\u00ebt\u00eb moment. #t\u00ebzbardhetev\u00ebrteta#f\u00ebmij\u00ebtjan\u00ebeardhmja#\u201d, shkruan ajo.<\/span><\/p>","protected":false},"excerpt":{"rendered":"<p>Pas helmimit t\u00eb 11 nx\u00ebn\u00ebsve sot n\u00eb Bulqiz\u00eb, ka reaguar edhe ish-deputetja e Partis\u00eb Denmokratike, Dhurata \u00c7upi e cila e quan ngjarjen si \u201cskandal\u201d. Sipas saj, kjo qeveri nuk po kursen ask\u00ebnd madje as f\u00ebmij\u00ebt q\u00eb prind\u00ebrit i \u00e7ojn\u00eb n\u00eb shkoll\u00eb, por ata p\u00ebrfundojn\u00eb nga pakujdesia e institucioneve n\u00eb spital. \u201cSkandal n\u00eb Bulqiz\u00eb, helmohen 11 [&hellip;]<\/p>\n","protected":false},"author":4,"featured_media":74973,"comment_status":"open","ping_status":"closed","sticky":false,"template":"","format":"standard","meta":{"footnotes":""},"categories":[241,231,235],"tags":[],"class_list":{"0":"post-74972","1":"post","2":"type-post","3":"status-publish","4":"format-standard","5":"has-post-thumbnail","7":"category-aktualitet","8":"category-lajme","9":"category-vendi"},"_links":{"self":[{"href":"https:\/\/zjarr.tv\/en\/wp-json\/wp\/v2\/posts\/74972","targetHints":{"allow":["GET"]}}],"collection":[{"href":"https:\/\/zjarr.tv\/en\/wp-json\/wp\/v2\/posts"}],"about":[{"href":"https:\/\/zjarr.tv\/en\/wp-json\/wp\/v2\/types\/post"}],"author":[{"embeddable":true,"href":"https:\/\/zjarr.tv\/en\/wp-json\/wp\/v2\/users\/4"}],"replies":[{"embeddable":true,"href":"https:\/\/zjarr.tv\/en\/wp-json\/wp\/v2\/comments?post=74972"}],"version-history":[{"count":0,"href":"https:\/\/zjarr.tv\/en\/wp-json\/wp\/v2\/posts\/74972\/revisions"}],"wp:featuredmedia":[{"embeddable":true,"href":"https:\/\/zjarr.tv\/en\/wp-json\/wp\/v2\/media\/74973"}],"wp:attachment":[{"href":"https:\/\/zjarr.tv\/en\/wp-json\/wp\/v2\/media?parent=74972"}],"wp:term":[{"taxonomy":"category","embeddable":true,"href":"https:\/\/zjarr.tv\/en\/wp-json\/wp\/v2\/categories?post=74972"},{"taxonomy":"post_tag","embeddable":true,"href":"https:\/\/zjarr.tv\/en\/wp-json\/wp\/v2\/tags?post=74972"}],"curies":[{"name":"wp","href":"https:\/\/api.w.org\/{rel}","templated":true}]}}