{"id":74975,"date":"2019-03-20T13:29:51","date_gmt":"2019-03-20T12:29:51","guid":{"rendered":"https:\/\/zjarr.tv\/?p=74975"},"modified":"2019-03-20T13:29:51","modified_gmt":"2019-03-20T12:29:51","slug":"prehen-ne-paqe-gjashte-viktimat-e-para-te-zelandes-se-re","status":"publish","type":"post","link":"https:\/\/zjarr.tv\/en\/prehen-ne-paqe-gjashte-viktimat-e-para-te-zelandes-se-re\/","title":{"rendered":"Prehen n\u00eb paqe gjasht\u00eb viktimat e para t\u00eb Zeland\u00ebs s\u00eb Re"},"content":{"rendered":"<p>Gjasht\u00eb viktimat e para t\u00eb masakr\u00ebs n\u00eb Zeland\u00ebn e Re u preh\u00ebn t\u00eb m\u00ebrkur\u00ebn n\u00eb paqe. Ceremonia n\u00eb varrezat e qytetit t\u00eb Christchurch nisi me trupat e nj\u00eb babai 44-vje\u00e7ar dhe i djalit t\u00eb tij 16-vje\u00e7ar, q\u00eb u vran\u00eb t\u00eb par\u00ebt nga autori t\u00eb premten e kaluar. N\u00eb kortezhin e p\u00ebrmortsh\u00ebm, p\u00ebrpara dor\u00ebzimit n\u00eb banes\u00ebn e fundit, mor\u00ebn pjes\u00eb qindra qytetar\u00eb, disa prej t\u00eb veshur me petkat tradicionale t\u00eb fes\u00eb islame. Pas sulmit q\u00eb la t\u00eb pakt\u00ebn 50 t\u00eb vrar\u00eb dhe dhjet\u00ebra t\u00eb tjer\u00eb t\u00eb plagosur, kryeministrja zelandeze, Jacinda Ardern, apeloi t\u00eb m\u00ebrkur\u00ebn p\u00ebr nj\u00eb nism\u00eb globale p\u00ebr t\u00eb \u00e7rr\u00ebnjosur ideologjin\u00eb raciste dhe islamofobe q\u00eb po p\u00ebrhapet n\u00ebp\u00ebr bot\u00eb edhe nga mediet sociale.<\/p>\n<p><strong>Jacinda Ardern:<\/strong>\u00a0<em>&#8220;Ky nuk \u00ebsht\u00eb vet\u00ebm problemi i Zeland\u00ebs s\u00eb Re: platformat mediatike sociale po p\u00ebrdoren p\u00ebr t\u00eb p\u00ebrhapur dhun\u00eb dhe materiale q\u00eb e inkurajojn\u00eb at\u00eb, ndaj na duhet t\u00eb gjith\u00ebve t\u00eb dalim n\u00eb front t\u00eb k\u00ebsaj beteje.&#8221;<\/em><\/p>\n<p>Kryetarja e qeveris\u00eb shprehu rezerva edhe p\u00ebr komentet e b\u00ebra nga lider\u00eb t\u00eb vendeve me shumic\u00eb myslimane n\u00eb lidhje me ngjarjen, t\u00eb cilat fillimisht e quajt\u00ebn sulmin t\u00eb motivuar nga urrejtja dhe paragjykimi p\u00ebr Islamin. Ajo tha se Zelanda e Re mbetet nj\u00eb vend i hapur p\u00ebr k\u00ebdo, dhe se deklarata t\u00eb tilla pritet t\u00eb sqarohen n\u00eb nj\u00eb takim urgjent q\u00eb vendet islamike do t\u00eb mbajn\u00eb me k\u00ebrkes\u00eb t\u00eb Turqis\u00eb.<\/p>\n<p>Komentet e saj pasuan ato t\u00eb presidentit turk, Rexhep Taip Erdogan, i cili nj\u00eb dit\u00eb m\u00eb par\u00eb gjat\u00eb nj\u00eb tubimi n\u00eb veri t\u00eb vendit i k\u00ebrkoi gjykatave zelandeze ta d\u00ebnojn\u00eb me vdekje autorin e masakr\u00ebs s\u00eb jav\u00ebs s\u00eb kaluar, p\u00ebrndryshe Turqia do t\u00eb veproj\u00eb me m\u00ebnyrat e saj.<\/p>\n<p>Autori i ngjarjes, 28-vje\u00e7ari australian, pritet t\u00eb gjykohet p\u00ebr vrasjen n\u00eb mas\u00eb dhe nj\u00eb s\u00ebr\u00eb akuzash t\u00eb tjera duke nisur nga data 5 prill.<\/p>\n<p>Nd\u00ebrkoh\u00eb, policia zelandeze ka shtuar apelet drejtuar qytetar\u00ebve p\u00ebr t\u00eb mos shp\u00ebrndar\u00eb apo poseduar videon q\u00eb autori filmoi gjat\u00eb krimit, p\u00ebrndryshe rrezikojn\u00eb t\u00eb d\u00ebnohen deri n\u00eb dhjet\u00eb vite burg.<\/p>\n<p>&nbsp;<\/p>\n<p>&nbsp;<\/p>","protected":false},"excerpt":{"rendered":"<p>Gjasht\u00eb viktimat e para t\u00eb masakr\u00ebs n\u00eb Zeland\u00ebn e Re u preh\u00ebn t\u00eb m\u00ebrkur\u00ebn n\u00eb paqe. Ceremonia n\u00eb varrezat e qytetit t\u00eb Christchurch nisi me trupat e nj\u00eb babai 44-vje\u00e7ar dhe i djalit t\u00eb tij 16-vje\u00e7ar, q\u00eb u vran\u00eb t\u00eb par\u00ebt nga autori t\u00eb premten e kaluar. N\u00eb kortezhin e p\u00ebrmortsh\u00ebm, p\u00ebrpara dor\u00ebzimit n\u00eb banes\u00ebn [&hellip;]<\/p>\n","protected":false},"author":2013,"featured_media":74666,"comment_status":"open","ping_status":"closed","sticky":false,"template":"","format":"standard","meta":{"footnotes":""},"categories":[241,191],"tags":[],"class_list":{"0":"post-74975","1":"post","2":"type-post","3":"status-publish","4":"format-standard","5":"has-post-thumbnail","7":"category-aktualitet","8":"category-bota"},"_links":{"self":[{"href":"https:\/\/zjarr.tv\/en\/wp-json\/wp\/v2\/posts\/74975","targetHints":{"allow":["GET"]}}],"collection":[{"href":"https:\/\/zjarr.tv\/en\/wp-json\/wp\/v2\/posts"}],"about":[{"href":"https:\/\/zjarr.tv\/en\/wp-json\/wp\/v2\/types\/post"}],"author":[{"embeddable":true,"href":"https:\/\/zjarr.tv\/en\/wp-json\/wp\/v2\/users\/2013"}],"replies":[{"embeddable":true,"href":"https:\/\/zjarr.tv\/en\/wp-json\/wp\/v2\/comments?post=74975"}],"version-history":[{"count":0,"href":"https:\/\/zjarr.tv\/en\/wp-json\/wp\/v2\/posts\/74975\/revisions"}],"wp:featuredmedia":[{"embeddable":true,"href":"https:\/\/zjarr.tv\/en\/wp-json\/wp\/v2\/media\/74666"}],"wp:attachment":[{"href":"https:\/\/zjarr.tv\/en\/wp-json\/wp\/v2\/media?parent=74975"}],"wp:term":[{"taxonomy":"category","embeddable":true,"href":"https:\/\/zjarr.tv\/en\/wp-json\/wp\/v2\/categories?post=74975"},{"taxonomy":"post_tag","embeddable":true,"href":"https:\/\/zjarr.tv\/en\/wp-json\/wp\/v2\/tags?post=74975"}],"curies":[{"name":"wp","href":"https:\/\/api.w.org\/{rel}","templated":true}]}}