{"id":74977,"date":"2019-03-20T13:35:06","date_gmt":"2019-03-20T12:35:06","guid":{"rendered":"https:\/\/zjarr.tv\/?p=74977"},"modified":"2019-03-20T13:35:06","modified_gmt":"2019-03-20T12:35:06","slug":"sulmohet-deputeti-serb-i-kuvendit-te-kosoves","status":"publish","type":"post","link":"https:\/\/zjarr.tv\/en\/sulmohet-deputeti-serb-i-kuvendit-te-kosoves\/","title":{"rendered":"Sulmohet deputeti serb i Kuvendit t\u00eb Kosov\u00ebs"},"content":{"rendered":"<p>Deputeti serb i Kuvendit t\u00eb Kosov\u00ebs Sllobodan Petrovic \u00ebsht\u00eb sulmuar sot n\u00eb mes t\u00eb Prishtin\u00ebs. Sulmi ka ndodhur n\u00eb af\u00ebrsi t\u00eb Kuvendit t\u00eb Kosov\u00ebs, n\u00eb nj\u00eb restorant. K\u00ebt\u00eb e ka konfirmuar vet\u00eb Petrovic gjat\u00eb nj\u00eb konference p\u00ebr mediat. Sllobodan Petrovic \u00ebsht\u00eb deputeti i vet\u00ebm serb q\u00eb nuk \u00ebsht\u00eb n\u00eb kuad\u00ebr t\u00eb List\u00ebs Srpska. Ai \u00ebsht\u00eb kryetar i SLS-s\u00eb.<\/p>\n<p>\u201cJam sulmuar fizikisht af\u00ebr k\u00ebsaj nd\u00ebrtese, pasi edhe ju e dini se muajve t\u00eb fundit personalisht dit\u00ebve t\u00eb fundit, ndaj meje dhe partis\u00eb q\u00eb un\u00eb e udh\u00ebheq \u00ebsht\u00eb b\u00ebr\u00eb nj\u00eb fushat\u00eb e eg\u00ebr\u201d, ka th\u00ebn\u00eb Petrovic.<\/p>\n<p>Ai ka shtuar se personi i cili e sulmoi \u00ebsht\u00eb Milan Kostic, k\u00ebshilltar i ish-ministrit t\u00eb Bujq\u00ebsis\u00eb, Nenad Rikallo.<\/p>\n<p>\u201cN\u00eb m\u00ebngjes isha mysafir n\u00eb programin e m\u00ebngjesit n\u00eb RTK, aty i kam paraqitur disa t\u00eb dh\u00ebna me ish-ministrin e Bujq\u00ebsis\u00eb Nenad Rikallo. Pastaj kam hyr\u00eb n\u00eb nj\u00eb restorant k\u00ebtu af\u00ebr Kuvendit p\u00ebr t\u00eb pir\u00eb kafe me disa miq, dhe personi q\u00eb m\u00eb sulmoi ishte k\u00ebshilltari i Rikallos, Milan Kostic, i cili p\u00ebr ne t\u00eb gjith\u00eb nga komuniteti serb \u00ebsht\u00eb i njohur p\u00ebr t\u00eb keq, pasi i nj\u00ebjti n\u00eb m\u00ebnyr\u00eb t\u00eb pand\u00ebrprer\u00eb disa vite me radh\u00eb n\u00eb \u00e7do m\u00ebnyr\u00eb \u00ebsht\u00eb munduar t\u00eb m\u00eb diskriditoj\u00eb mua dhe partin\u00eb q\u00eb un\u00eb e udh\u00ebheq, duke shkruar tekste t\u00eb rreme, dhe kjo nuk i mjaftoi. Po ai ka k\u00ebrc\u00ebnuar edhe njer\u00ebzit sidomos n\u00eb zgjedhjet e fundit, t\u00eb cil\u00ebt kan\u00eb votuar me partin\u00eb Liberale Serbe\u201d, u shpreh Petrovic, duke shtuar se Kostic i kishte th\u00ebn\u00eb se \u201cdo ta thyej kok\u00ebn\u201d, nd\u00ebrsa mbante n\u00eb dor\u00eb nj\u00eb shishe t\u00eb qelqit.<\/p>\n<p>Petrovic tha se ky sulm nuk \u00ebsht\u00eb i rastit dhe se ata nuk mund ta frik\u00ebsojn\u00eb. \u201cKjo nuk \u00ebsht\u00eb e rastit, dhe ato mendime q\u00eb i kam th\u00ebn\u00eb edhe publikisht, mund t\u00eb m\u00eb sulmojn\u00eb edhe fizikisht edhe t\u00eb m\u00eb vrasin, por un\u00eb nuk frik\u00ebsohem\u201d, tha Petrovic, i cili tregoi se p\u00ebr k\u00ebt\u00eb gj\u00eb ka njoftuar edhe Policin\u00eb e Kosov\u00ebs.<\/p>\n<p>Ai tha se ka lutur presidentin Vu\u00e7i\u00e7 q\u00eb t\u00eb nd\u00ebrpres \u00e7far\u00ebdo deklarate p\u00ebr t\u00eb dhe t\u00eb verifikoj\u00eb faktet, pasi po flet vet\u00ebm me burimet e sh\u00ebrbimeve q\u00eb i ka.<br \/>\n\u201cMe at\u00eb shpres\u00eb i kam argumentuar se t\u00eb gjitha ato jan\u00eb vet\u00ebm mashtrime. Pas asaj letre kryetari i Serbis\u00eb nuk \u00ebsht\u00eb paraqitur apo d\u00ebgjuar m\u00eb, por ka pasur veprime nga Lista Serbe, q\u00eb jan\u00eb udh\u00ebhequr nga drejtori i zyr\u00ebs serbe p\u00ebr Kosov\u00ebn, Gjuric dhe t\u00eb gjitha jan\u00eb t\u00eb pav\u00ebrteta\u201d, u shpreh Petroviq.<\/p>\n<p>Nd\u00ebrkoh\u00eb n\u00eb nj\u00eb reagim t\u00eb List\u00ebs Serbe pretendohet se \u00ebsht\u00eb pik\u00ebrisht Milan Kostic ai q\u00eb \u00ebsht\u00eb sulmuar nga ana e Sllobodan Petroviqit. K\u00ebshtu, si\u00e7 thuhet nd\u00ebr tjerash, Lista Serbe ka k\u00ebrkuar q\u00eb \u201cpolicia dhe prokuror\u00ebt t\u00eb marrin t\u00eb gjitha veprimet e nevojshme q\u00eb Sllobodan Petrovic dhe Boban Stankovic t\u00eb ndiqen dhe t\u00eb d\u00ebnohen, sepse kjo sjellje \u00ebsht\u00eb absolutisht e papranueshme\u201d.<\/p>\n<p>&nbsp;<\/p>","protected":false},"excerpt":{"rendered":"<p>Deputeti serb i Kuvendit t\u00eb Kosov\u00ebs Sllobodan Petrovic \u00ebsht\u00eb sulmuar sot n\u00eb mes t\u00eb Prishtin\u00ebs. Sulmi ka ndodhur n\u00eb af\u00ebrsi t\u00eb Kuvendit t\u00eb Kosov\u00ebs, n\u00eb nj\u00eb restorant. K\u00ebt\u00eb e ka konfirmuar vet\u00eb Petrovic gjat\u00eb nj\u00eb konference p\u00ebr mediat. Sllobodan Petrovic \u00ebsht\u00eb deputeti i vet\u00ebm serb q\u00eb nuk \u00ebsht\u00eb n\u00eb kuad\u00ebr t\u00eb List\u00ebs Srpska. Ai \u00ebsht\u00eb [&hellip;]<\/p>\n","protected":false},"author":2013,"featured_media":74978,"comment_status":"open","ping_status":"closed","sticky":false,"template":"","format":"standard","meta":{"footnotes":""},"categories":[241,2],"tags":[],"class_list":{"0":"post-74977","1":"post","2":"type-post","3":"status-publish","4":"format-standard","5":"has-post-thumbnail","7":"category-aktualitet","8":"category-rajoni"},"_links":{"self":[{"href":"https:\/\/zjarr.tv\/en\/wp-json\/wp\/v2\/posts\/74977","targetHints":{"allow":["GET"]}}],"collection":[{"href":"https:\/\/zjarr.tv\/en\/wp-json\/wp\/v2\/posts"}],"about":[{"href":"https:\/\/zjarr.tv\/en\/wp-json\/wp\/v2\/types\/post"}],"author":[{"embeddable":true,"href":"https:\/\/zjarr.tv\/en\/wp-json\/wp\/v2\/users\/2013"}],"replies":[{"embeddable":true,"href":"https:\/\/zjarr.tv\/en\/wp-json\/wp\/v2\/comments?post=74977"}],"version-history":[{"count":0,"href":"https:\/\/zjarr.tv\/en\/wp-json\/wp\/v2\/posts\/74977\/revisions"}],"wp:featuredmedia":[{"embeddable":true,"href":"https:\/\/zjarr.tv\/en\/wp-json\/wp\/v2\/media\/74978"}],"wp:attachment":[{"href":"https:\/\/zjarr.tv\/en\/wp-json\/wp\/v2\/media?parent=74977"}],"wp:term":[{"taxonomy":"category","embeddable":true,"href":"https:\/\/zjarr.tv\/en\/wp-json\/wp\/v2\/categories?post=74977"},{"taxonomy":"post_tag","embeddable":true,"href":"https:\/\/zjarr.tv\/en\/wp-json\/wp\/v2\/tags?post=74977"}],"curies":[{"name":"wp","href":"https:\/\/api.w.org\/{rel}","templated":true}]}}