{"id":74984,"date":"2019-03-20T13:41:12","date_gmt":"2019-03-20T12:41:12","guid":{"rendered":"https:\/\/zjarr.tv\/?p=74984"},"modified":"2019-03-20T13:41:12","modified_gmt":"2019-03-20T12:41:12","slug":"ti-gjej-djemte-per-24-ore-dhe-ti-vras-pergjimet-per-grupin-e-fajdeve","status":"publish","type":"post","link":"https:\/\/zjarr.tv\/en\/ti-gjej-djemte-per-24-ore-dhe-ti-vras-pergjimet-per-grupin-e-fajdeve\/","title":{"rendered":"\u201cT\u2019i gjej djemt\u00eb p\u00ebr 24 or\u00eb dhe t\u2019i vras\u201d, p\u00ebrgjimet p\u00ebr grupin e fajdeve"},"content":{"rendered":"<p>Pak dit\u00eb pas shkat\u00ebrrimit t\u00eb grupit kriminal q\u00eb jepte fajde, dalin p\u00ebrgjimet, q\u00eb \u00e7uan n\u00eb pranga grupin e fajdexhinjve t\u00eb Shkodr\u00ebs. Gjith\u00e7ka ka nisur kur ish-prefekti i Shkodr\u00ebs, Paulin Radovani, u detyrua t\u00eb shkoj\u00eb n\u00eb dyert e policis\u00eb, at\u00ebher\u00eb kur \u00e7do dit\u00eb borxhdh\u00ebn\u00ebsi i vinte n\u00eb biznesin e tij dhe i k\u00ebrkonte shumat e dh\u00ebna dy djemve t\u00eb tij, Robertit dhe Eltonit. Mandej, i gjith\u00eb procesi rrjedh mes p\u00ebrgjimeve dhe v\u00ebzhgimeve ambientale. P\u00ebrgjimet kan\u00eb zgjatur dy muaj dhe nga janari, Paulin Radovani ka pasur dhjet\u00ebra vizita n\u00eb oborrin e fabrik\u00ebs t\u00eb personave q\u00eb k\u00ebrkonin kthimin e borxheve, t\u00eb cil\u00ebt shpesh flisnin p\u00ebr p\u00ebrqindje e shpesh e k\u00ebrc\u00ebnonin.<\/p>\n<p>Mes t\u00eb hetuarve \u00ebsht\u00eb edhe ish-drejtori i Transporteve, Ilir Sokoli, shok me dy djemt\u00eb e Paulin Radovanit. 31-vje\u00e7ari Sokoli shfaqet n\u00eb nj\u00eb p\u00ebrgjim ambiental n\u00ebn shoq\u00ebrin\u00eb e t\u00eb v\u00ebllait dhe k\u00ebrkon shumat e dh\u00ebna me fajde.<\/p>\n<p>T\u00eb nj\u00ebjt\u00ebn gj\u00eb b\u00ebn edhe i v\u00ebllai. Prokuroria thot\u00eb se disponon filmime, nd\u00ebrsa n\u00eb nj\u00eb moment Iliri i thot\u00eb ish-prefektit Radovani: \u201cNa ke marr\u00eb n\u00eb qaf\u00eb, na ke varrosur t\u00eb gjith\u00ebve\u201d.<\/p>\n<p>P\u00ebrgjimi ambiental i publikuar nga gazeta \u2018Si\u2019, vazhdon si m\u00eb posht\u00eb:<\/p>\n<p><strong>Vladimir Sokoli:<\/strong>\u00a0Iliri ka marr\u00eb lek\u00ebt e mia dhe ua ka dh\u00ebn\u00eb. Ato jan\u00eb kursimet e mia. Ti Paulin ke b\u00ebr\u00eb l\u00ebvizje taktike, i ke d\u00ebrguar f\u00ebmij\u00ebt jasht\u00eb, por fol me djalin t\u00eb t\u00eb tregoj\u00eb se ku e ka futur Ilirin.<\/p>\n<p><strong>Paulin Radovani:<\/strong>\u00a0Kam d\u00ebrguar njer\u00ebz p\u00ebr ta shitur fabrik\u00ebn dhe t\u00eb laj borxhet, por nuk njoh kush jan\u00eb borxhlinjt\u00eb. Sa koh\u00eb ke q\u00eb u jep lek\u00eb f\u00ebmij\u00ebve t\u00eb mi, se m\u00eb keni th\u00ebn\u00eb p\u00ebr nj\u00eb Prek Hoxha q\u00eb ai rri n\u00eb Malsi t\u00eb Madhe dhe nuk del. Prokuroria m\u2019i ka bllokuar pronat, nuk i shes dot.<\/p>\n<p><strong>Ilir Sokoli:<\/strong>\u00a0Un\u00eb 70.000 ia kam Ed Memc\u00ebs se nuk ua jepte djemve t\u00eb tu, as Bertit dhe as Tonit. Hina un\u00eb garant. Kemi lek\u00eb edhe n\u00eb Dobrac se kena shku i kena marr\u00eb me Tonin, t\u00eb dy ata e din\u00eb si un\u00eb. O prefekt 1000 mij\u00eb dollar\u00eb a euro me t\u00eb lujt, qa t\u00eb thot\u00eb Ilir Sokoli e ca p\u00ebrmend me emra e me fiks, dometh\u00ebn\u00eb ti mua s\u2019m\u00eb ke asnj\u00eb lek\u00eb, un\u00eb kam hallin tan me heq njer\u00ebzit mar.<\/p>\n<p><strong>Vladimir Sokoli:<\/strong>\u00a0N\u00ebse ti merresh me k\u00ebto k\u00ebrc\u00ebnimet, do futet shteti e do futet kjo, d\u00ebgjo se fjal\u00ebt e tep\u00ebrta jan\u00eb fukarall\u00ebk. N\u00eb qoft\u00eb se ti ke plan me ju than\u00eb atyre t\u00eb tjer\u00ebve se jan\u00eb m\u00eb trima, zotni n\u00eb qoft\u00eb se k\u00ebtij i preket nj\u00eb qime floku, si kemi bo muhabet bashk\u00eb\u2026 im v\u00eblla Iliri ka ndejt m\u00eb shum\u00eb me f\u00ebmij\u00ebt e tu sesa me mu\u2026 Gjej lek\u00ebt e rregulloje k\u00ebt\u00eb pun\u00eb.. ose \u00e7oje edhe Ilirin te djemt\u00eb e tu. Ke b\u00ebr\u00eb gabim q\u00eb i largove djemt\u00eb e na le me kaq shum\u00eb probleme se vijn\u00eb e t\u00eb vrasin Ramazan\u00ebt, na vrasin e ti vrasin Memcajt\u2026 i kishe majt mbyllur. N\u00ebse merresh me denoncime un\u00eb ti gjej djemt\u00eb p\u00ebr 24 or\u00eb, se njer\u00ebzit vrasin aty ku t\u00eb dhemb m\u00eb shum\u00eb o Paulin.<\/p>\n<p>Prokuroria thot\u00eb se Dragani \u00ebsht\u00eb p\u00ebrfshir\u00eb gjithashtu n\u00eb skem\u00ebn e pastrimit t\u00eb parave, p\u00ebrderisa ka sjell\u00eb lek\u00eb nga Luksemburgu dhe nuk dihet burimi i tyre.<\/p>\n<p>N\u00eb nj\u00eb p\u00ebrgjim tjet\u00ebr zbulohet edhe roli i t\u00eb dyshuarit Dritan Kalaja, i cili k\u00ebrkon lek\u00ebt e tij. Megjith\u00ebse Iliri pretendon se kishte hyr\u00eb garant te nj\u00eb person tjet\u00ebr q\u00eb iu kishte dh\u00ebn\u00eb lek\u00eb me fajde djemve t\u00eb Radovanit, emri i tij del si fajdexhi gjat\u00eb nj\u00eb p\u00ebrgjimi me nj\u00eb person tjet\u00ebr. K\u00ebsaj radhe ish-prefektin e takon n\u00eb fabrik\u00eb Artan Dragani, edhe ky i k\u00ebrkon lek\u00ebt borxh, her\u00eb 400 q\u00eb n\u00ebnkuptohen 400 mij\u00eb euro e her\u00eb 700. Shuma k\u00ebrkohet n\u00eb em\u00ebr t\u00eb nj\u00eb personi tjet\u00ebr, i cili si\u00e7 del nga biseda, i kishte marr\u00eb edhe nj\u00eb tok\u00eb Radovanit, nj\u00eb tok\u00eb n\u00eb Velipoj\u00eb. Ky person p\u00ebrmendet me emrin \u201cLilo\u201d dhe prokuroria interpreton se ai \u00ebsht\u00eb shtetasi Ilir Sokoli. Radovani shfaqet i habitur, pasi sipas tij, ai ishte shok me dy djemt\u00eb e tij, por Artani shton: \u201cLilo dhe Astrit Sali ka 12 vjet q\u00eb ju jep lek\u00eb me fajde f\u00ebmij\u00ebve t\u00eb tu\u201d. Radovani shton se Lilo i ka futur f\u00ebmij\u00ebt e tij edhe n\u00eb nj\u00eb loj\u00eb tjet\u00ebr dhe i kan\u00eb marr\u00eb 125 mij\u00eb euro.<\/p>\n<p><strong>Radovani:<\/strong>\u00a0Kujtova se djalin Tonin ma vran\u00eb n\u00eb Mal\u00ebsi. Ata vinin dhe m\u00eb b\u00ebnin presion djalit tjet\u00ebr do ta vrasim, dhe se ai t\u00eb djeg dhe n\u00eb nj\u00eb janar i \u00e7uam 100 mij\u00eb euro.<\/p>\n<p>M\u00eb tej, Radovani e pyet Draganin: \u201cDuke par\u00eb letrat, zbulova se edhe ty t\u00eb kam borxh. Sa t\u00eb kam borxh dhe sa t\u00eb kam fajde?<\/p>\n<p>Artan Dragani: T\u00eb sqaron Tani ty, un\u00eb Tonit i kam dh\u00ebn\u00eb 110\u2026 10 nj\u00ebher\u00eb tek\u2026 100 nj\u00ebher\u00eb dhe 15 kam \u00e7uar Fatmir B\u00ebrric\u00ebn me ia marr\u00eb.<\/p>\n<p><strong>Paulin Radovani:<\/strong>\u00a0Un\u00eb di q\u00eb \u00ebsht\u00eb b\u00ebr\u00eb muhabet p\u00ebr nj\u00eb 5 -\u00e7e\u2026<\/p>\n<p><strong>Dragani<\/strong>: 15\u2026 jo pes\u00eb.<\/p>\n<p><strong>Radovani:<\/strong>\u00a0Stop nj\u00ebher\u00eb\u2026sa jan\u00eb?<\/p>\n<p><strong>Dragani:<\/strong>\u00a0Borxh jan\u00eb 175 mij\u00eb euro pa fajde\u2026 tashti 65 jan\u00eb marr\u00eb n\u00eb Luksemburg. I kam marr\u00eb me duart e mia, ia kam pru Tanit 65 mij\u00eb euro. Dhe 100 mij\u00eb euro lek\u00eb \u2018cash\u2019 pa fajde. Fajde jan\u00eb 40 mij\u00eb euro.<\/p>\n<p><strong>Radovani:<\/strong>\u00a0E sa \u00ebsht\u00eb p\u00ebrqindja?<\/p>\n<p><strong>Dragani:<\/strong>\u00a0Me pes\u00eb p\u00ebr qind, ia ka vu vet\u00eb Toni p\u00ebrqindjen. As m\u00eb ka dh\u00ebn\u00eb fajde asnj\u00eb dit\u00eb. N\u00ebnt\u00eb muaj jan\u00eb marr\u00eb lek\u00ebt s\u2019i kena dh\u00ebn\u00eb fajde kurrkujt. Jan\u00eb 175 mij\u00eb euro plus 45 mij\u00eb euro q\u00eb shkojn\u00eb n\u00eb 220 mij\u00eb euro.<\/p>\n<p>Dritan Kalaja: Kam dy vjet q\u00eb m\u00eb ka dal\u00eb goja mbrapa. Kam hyr\u00eb p\u00ebr t\u2019i b\u00ebr\u00eb nder Bertit dhe lek\u00ebt m\u2019i ka marr\u00eb Berti. Mora kredi p\u00ebr dy vjet. 200 mij\u00eb euro n\u00eb 2015 dhe e kam len\u00eb kolateral nd\u00ebrtes\u00ebn teme. Bisedat i kam b\u00ebr\u00eb me dy djemt\u00eb e tu. Lash\u00eb nd\u00ebrtes\u00ebn peng. Veprimet i kan\u00eb b\u00ebr\u00eb ata. Lek\u00ebt s\u2019i kam par\u00eb fare. Kredia dhe lek\u00ebt jan\u00eb n\u00eb emrin tim. Kam marr\u00eb borxh p\u00ebr t\u2019i lar\u00eb.<\/p>","protected":false},"excerpt":{"rendered":"<p>Pak dit\u00eb pas shkat\u00ebrrimit t\u00eb grupit kriminal q\u00eb jepte fajde, dalin p\u00ebrgjimet, q\u00eb \u00e7uan n\u00eb pranga grupin e fajdexhinjve t\u00eb Shkodr\u00ebs. Gjith\u00e7ka ka nisur kur ish-prefekti i Shkodr\u00ebs, Paulin Radovani, u detyrua t\u00eb shkoj\u00eb n\u00eb dyert e policis\u00eb, at\u00ebher\u00eb kur \u00e7do dit\u00eb borxhdh\u00ebn\u00ebsi i vinte n\u00eb biznesin e tij dhe i k\u00ebrkonte shumat e dh\u00ebna [&hellip;]<\/p>\n","protected":false},"author":4,"featured_media":74989,"comment_status":"open","ping_status":"closed","sticky":false,"template":"","format":"standard","meta":{"footnotes":""},"categories":[241,231,235],"tags":[],"class_list":{"0":"post-74984","1":"post","2":"type-post","3":"status-publish","4":"format-standard","5":"has-post-thumbnail","7":"category-aktualitet","8":"category-lajme","9":"category-vendi"},"_links":{"self":[{"href":"https:\/\/zjarr.tv\/en\/wp-json\/wp\/v2\/posts\/74984","targetHints":{"allow":["GET"]}}],"collection":[{"href":"https:\/\/zjarr.tv\/en\/wp-json\/wp\/v2\/posts"}],"about":[{"href":"https:\/\/zjarr.tv\/en\/wp-json\/wp\/v2\/types\/post"}],"author":[{"embeddable":true,"href":"https:\/\/zjarr.tv\/en\/wp-json\/wp\/v2\/users\/4"}],"replies":[{"embeddable":true,"href":"https:\/\/zjarr.tv\/en\/wp-json\/wp\/v2\/comments?post=74984"}],"version-history":[{"count":0,"href":"https:\/\/zjarr.tv\/en\/wp-json\/wp\/v2\/posts\/74984\/revisions"}],"wp:featuredmedia":[{"embeddable":true,"href":"https:\/\/zjarr.tv\/en\/wp-json\/wp\/v2\/media\/74989"}],"wp:attachment":[{"href":"https:\/\/zjarr.tv\/en\/wp-json\/wp\/v2\/media?parent=74984"}],"wp:term":[{"taxonomy":"category","embeddable":true,"href":"https:\/\/zjarr.tv\/en\/wp-json\/wp\/v2\/categories?post=74984"},{"taxonomy":"post_tag","embeddable":true,"href":"https:\/\/zjarr.tv\/en\/wp-json\/wp\/v2\/tags?post=74984"}],"curies":[{"name":"wp","href":"https:\/\/api.w.org\/{rel}","templated":true}]}}