{"id":74988,"date":"2019-03-20T13:43:15","date_gmt":"2019-03-20T12:43:15","guid":{"rendered":"https:\/\/zjarr.tv\/?p=74988"},"modified":"2019-03-20T13:43:15","modified_gmt":"2019-03-20T12:43:15","slug":"bie-nga-lartesia-humb-jeten-punetori-32-vjecar-ne-kukes","status":"publish","type":"post","link":"https:\/\/zjarr.tv\/en\/bie-nga-lartesia-humb-jeten-punetori-32-vjecar-ne-kukes\/","title":{"rendered":"Bie nga lart\u00ebsia, humb jet\u00ebn pun\u00ebtori 32-vje\u00e7ar n\u00eb Kuk\u00ebs"},"content":{"rendered":"<p>Nj\u00eb pun\u00ebtor 32-vje\u00e7ar ka humbur jet\u00ebn sot n\u00eb Rrug\u00ebn e Kombit teksa po punonte n\u00eb zon\u00ebn e Uzin\u00ebs n\u00eb Kuk\u00ebs n\u00eb kompanin\u00eb e dublimit t\u00eb urave. Viktima quhet Alfred Frroku, 32 vje\u00e7, pun\u00ebtor n\u00eb k\u00ebt\u00eb kompani, nd\u00ebrsa ngjarja ka ndodhur rreth or\u00ebs 11:30 t\u00eb dit\u00ebs s\u00eb sotme, n\u00eb nj\u00eb pjes\u00eb t\u00eb k\u00ebtij aksi rreth 6 kilometra nga qyteti i Kuk\u00ebsit. Policia dhe ambulanca kan\u00eb shkuar n\u00eb vendin e ngjarjes, nd\u00ebrsa po hetohet p\u00ebr t\u00eb zbuluar shkaqet e aksidentit.<\/p>","protected":false},"excerpt":{"rendered":"<p>Nj\u00eb pun\u00ebtor 32-vje\u00e7ar ka humbur jet\u00ebn sot n\u00eb Rrug\u00ebn e Kombit teksa po punonte n\u00eb zon\u00ebn e Uzin\u00ebs n\u00eb Kuk\u00ebs n\u00eb kompanin\u00eb e dublimit t\u00eb urave. Viktima quhet Alfred Frroku, 32 vje\u00e7, pun\u00ebtor n\u00eb k\u00ebt\u00eb kompani, nd\u00ebrsa ngjarja ka ndodhur rreth or\u00ebs 11:30 t\u00eb dit\u00ebs s\u00eb sotme, n\u00eb nj\u00eb pjes\u00eb t\u00eb k\u00ebtij aksi rreth 6 [&hellip;]<\/p>\n","protected":false},"author":2013,"featured_media":74992,"comment_status":"open","ping_status":"closed","sticky":false,"template":"","format":"standard","meta":{"footnotes":""},"categories":[241,235],"tags":[],"class_list":{"0":"post-74988","1":"post","2":"type-post","3":"status-publish","4":"format-standard","5":"has-post-thumbnail","7":"category-aktualitet","8":"category-vendi"},"_links":{"self":[{"href":"https:\/\/zjarr.tv\/en\/wp-json\/wp\/v2\/posts\/74988","targetHints":{"allow":["GET"]}}],"collection":[{"href":"https:\/\/zjarr.tv\/en\/wp-json\/wp\/v2\/posts"}],"about":[{"href":"https:\/\/zjarr.tv\/en\/wp-json\/wp\/v2\/types\/post"}],"author":[{"embeddable":true,"href":"https:\/\/zjarr.tv\/en\/wp-json\/wp\/v2\/users\/2013"}],"replies":[{"embeddable":true,"href":"https:\/\/zjarr.tv\/en\/wp-json\/wp\/v2\/comments?post=74988"}],"version-history":[{"count":0,"href":"https:\/\/zjarr.tv\/en\/wp-json\/wp\/v2\/posts\/74988\/revisions"}],"wp:featuredmedia":[{"embeddable":true,"href":"https:\/\/zjarr.tv\/en\/wp-json\/wp\/v2\/media\/74992"}],"wp:attachment":[{"href":"https:\/\/zjarr.tv\/en\/wp-json\/wp\/v2\/media?parent=74988"}],"wp:term":[{"taxonomy":"category","embeddable":true,"href":"https:\/\/zjarr.tv\/en\/wp-json\/wp\/v2\/categories?post=74988"},{"taxonomy":"post_tag","embeddable":true,"href":"https:\/\/zjarr.tv\/en\/wp-json\/wp\/v2\/tags?post=74988"}],"curies":[{"name":"wp","href":"https:\/\/api.w.org\/{rel}","templated":true}]}}