{"id":74991,"date":"2019-03-20T13:53:26","date_gmt":"2019-03-20T12:53:26","guid":{"rendered":"https:\/\/zjarr.tv\/?p=74991"},"modified":"2019-03-20T13:53:27","modified_gmt":"2019-03-20T12:53:27","slug":"pd-kerkon-shkarkimin-e-sander-lleshit-padi-penale-ne-prokurori","status":"publish","type":"post","link":"https:\/\/zjarr.tv\/en\/pd-kerkon-shkarkimin-e-sander-lleshit-padi-penale-ne-prokurori\/","title":{"rendered":"PD k\u00ebrkon shkarkimin e Sand\u00ebr Lleshit, padi penale n\u00eb prokurori"},"content":{"rendered":"<p>Partia Demokratike ka b\u00ebr\u00ebpadi penale p\u00ebr helmimin dhe dhun\u00ebn e paligjshme t\u00eb policis\u00eb ndaj protestuesve. Sand\u00ebr Lleshaj dhe t\u00eb tjer\u00eb t\u00eb pezullohen nga detyra.<\/p>\n<p>Partia Demokratike paditi Ministrin e Brendsh\u00ebm dhe disa punonj\u00ebs t\u00eb Policis\u00eb s\u00eb Shtetit\u00a0 p\u00ebr shp\u00ebrdorim detyre dhe veprime t\u00eb paligjshme kund\u00ebr protestuesve.<\/p>\n<p><span class=\"lexo-edhe\">L<\/span>otest\u00ebs Policia e Shtetit, duke shp\u00ebrdorur detyr\u00ebn, ka dhunuar dhe sulmuar me mjete t\u00eb helmimit masiv dhe uj\u00eb me presion qytetar\u00eb, t\u00eb cil\u00ebt po protestonin paq\u00ebsisht.\u2019- thuhet n\u00eb letr\u00ebn shoq\u00ebruese qe Sekretari i P\u00ebrgjithsh\u00ebm i PD, Gazment Bardhi i ka d\u00ebrguar Prokuroris\u00eb s\u00eb Tiran\u00ebs.<\/p>\n<p>Duke iu referuar pamjeve filmike q\u00eb i disponon, Partia Demokratike v\u00eb n\u00eb dukje se policia nuk e ka respektuar q\u00ebllimisht standardin e p\u00ebrdorimit t\u00eb forc\u00ebs n\u00eb m\u00ebnyr\u00eb proporcionale dhe t\u00eb drejtuar vet\u00ebm kund\u00ebr personave q\u00eb kryejn\u00eb shkelje t\u00eb ligjit.<\/p>\n<p>\u2018Q\u00ebllimi i Policis\u00eb ka qen\u00eb pengimi i zhvillimit t\u00eb protest\u00ebs, duke hedhur mjete t\u00eb helmimit masiv dhe uj\u00eb me presion ndaj t\u00eb gjith\u00eb protestuesve, jasht\u00eb rregullave dhe rrethanave t\u00eb lejuara nga ligji. Pamjet filmike provojn\u00eb nj\u00eb veprim kriminal t\u00eb punonj\u00ebsve t\u00eb Policis\u00eb s\u00eb Shtetit, q\u00eb sulmojn\u00eb me gaz edhe qytetar\u00eb q\u00eb jan\u00eb t\u00eb shtrir\u00eb n\u00eb rrug\u00eb p\u00ebr shkak t\u00eb problemeve sh\u00ebndet\u00ebsore apo qytetar\u00eb q\u00eb p\u00ebrpiqen t\u2019u vijn\u00eb n\u00eb ndihm\u00eb atyre. Kjo \u00ebsht\u00eb qartazi, jo vet\u00ebm shp\u00ebrdorim detyre, por edhe nj\u00eb tentativ\u00eb p\u00ebr t\u00eb rrezikuar seriozisht jet\u00ebn dhe sh\u00ebndetin e qytetar\u00ebve.\u2019-v\u00ebrejti Sekretari i P\u00ebrgjithsh\u00ebm i PD.<\/p>\n<p>Duke i k\u00ebrkuar Prokuroris\u00eb t\u00eb marr\u00eb mas\u00ebn e pezullimit nga detyra t\u00eb t\u00eb kall\u00ebzuarve, Partia Demokratike shpreh shqet\u00ebsimin se Prokuroria \u00ebsht\u00eb shnd\u00ebrruar n\u00eb nj\u00eb seksion t\u00eb certifikimit t\u00eb paligjshm\u00ebrive t\u00eb Policis\u00eb s\u00eb Shtetit.<\/p>\n<p>\u2018Prokuroria\u00a0 n\u00ebnshkruan \u00e7do urdh\u00ebr arresti q\u00eb i vendoset p\u00ebrpara nga Policia e Shtetit, duke u p\u00ebrdorur si mekaniz\u00ebm presioni dhe shantazhimi ndaj qytetar\u00ebve t\u00eb pafajsh\u00ebm, t\u00eb cil\u00ebt arrestohen p\u00ebr disa dit\u00eb, pa kryer asnj\u00eb shkelje dhe shpesh edhe pa qen\u00eb fare n\u00eb protest\u00eb.<\/p>\n<p>Sekretari i P\u00ebrgjithsh\u00ebm i PD thekson se, n\u00ebse Prokuroria do t\u00eb sillej n\u00eb m\u00ebnyr\u00eb profesionale dhe t\u00eb paanshme dhe jo si nj\u00eb veg\u00ebl propagande e qeveris\u00eb, do te kishte nisur hetimet kryesisht, duke v\u00ebn\u00eb p\u00ebrpara p\u00ebrgjegj\u00ebsis\u00eb, t\u00eb gjith\u00eb zinxhirin komandues t\u00eb Policis\u00eb s\u00eb Shtetit dhe punonj\u00ebsit e Policis\u00eb s\u00eb Shtetit, q\u00eb kan\u00eb kryer veprime t\u00eb paligjshme ndaj protestuesve.<\/p>\n<p>\u2018Trajtimi i k\u00ebtij kall\u00ebzimi penal dhe mbi t\u00eb gjitha hetimi me profesionaliz\u00ebm i dhun\u00ebs s\u00eb ushtruar nga Policia e Shtetit, \u00ebsht\u00eb nj\u00eb tjet\u00ebr prov\u00eb n\u00ebse n\u00eb Shqip\u00ebri, organi i prokuroris\u00eb \u00ebsht\u00eb institucion i pavarur dhe i paansh\u00ebm, si\u00e7 p\u00ebrcakton Kushtetuta dhe ligji, apo \u00ebsht\u00eb zyrtarisht deg\u00eb e pushtetit kriminal t\u00eb k\u00ebsaj Qeverie ilegjitime.\u2019-thuhet n\u00eb dokumentin shoq\u00ebrues t\u00eb kall\u00ebzimit penal t\u00eb Partis\u00eb Demokratike.<\/p>","protected":false},"excerpt":{"rendered":"<p>Partia Demokratike ka b\u00ebr\u00ebpadi penale p\u00ebr helmimin dhe dhun\u00ebn e paligjshme t\u00eb policis\u00eb ndaj protestuesve. Sand\u00ebr Lleshaj dhe t\u00eb tjer\u00eb t\u00eb pezullohen nga detyra. Partia Demokratike paditi Ministrin e Brendsh\u00ebm dhe disa punonj\u00ebs t\u00eb Policis\u00eb s\u00eb Shtetit\u00a0 p\u00ebr shp\u00ebrdorim detyre dhe veprime t\u00eb paligjshme kund\u00ebr protestuesve. Lotest\u00ebs Policia e Shtetit, duke shp\u00ebrdorur detyr\u00ebn, ka dhunuar [&hellip;]<\/p>\n","protected":false},"author":4,"featured_media":75001,"comment_status":"open","ping_status":"closed","sticky":false,"template":"","format":"standard","meta":{"footnotes":""},"categories":[241,231,235],"tags":[],"class_list":{"0":"post-74991","1":"post","2":"type-post","3":"status-publish","4":"format-standard","5":"has-post-thumbnail","7":"category-aktualitet","8":"category-lajme","9":"category-vendi"},"_links":{"self":[{"href":"https:\/\/zjarr.tv\/en\/wp-json\/wp\/v2\/posts\/74991","targetHints":{"allow":["GET"]}}],"collection":[{"href":"https:\/\/zjarr.tv\/en\/wp-json\/wp\/v2\/posts"}],"about":[{"href":"https:\/\/zjarr.tv\/en\/wp-json\/wp\/v2\/types\/post"}],"author":[{"embeddable":true,"href":"https:\/\/zjarr.tv\/en\/wp-json\/wp\/v2\/users\/4"}],"replies":[{"embeddable":true,"href":"https:\/\/zjarr.tv\/en\/wp-json\/wp\/v2\/comments?post=74991"}],"version-history":[{"count":0,"href":"https:\/\/zjarr.tv\/en\/wp-json\/wp\/v2\/posts\/74991\/revisions"}],"wp:featuredmedia":[{"embeddable":true,"href":"https:\/\/zjarr.tv\/en\/wp-json\/wp\/v2\/media\/75001"}],"wp:attachment":[{"href":"https:\/\/zjarr.tv\/en\/wp-json\/wp\/v2\/media?parent=74991"}],"wp:term":[{"taxonomy":"category","embeddable":true,"href":"https:\/\/zjarr.tv\/en\/wp-json\/wp\/v2\/categories?post=74991"},{"taxonomy":"post_tag","embeddable":true,"href":"https:\/\/zjarr.tv\/en\/wp-json\/wp\/v2\/tags?post=74991"}],"curies":[{"name":"wp","href":"https:\/\/api.w.org\/{rel}","templated":true}]}}