{"id":75000,"date":"2019-03-20T13:55:39","date_gmt":"2019-03-20T12:55:39","guid":{"rendered":"https:\/\/zjarr.tv\/?p=75000"},"modified":"2019-03-20T13:55:39","modified_gmt":"2019-03-20T12:55:39","slug":"braimllari-akuza-lleshajt-reagon-kunder-studenteve-sgjen-kohe-per-dy-vrasje-ne-tirane","status":"publish","type":"post","link":"https:\/\/zjarr.tv\/en\/braimllari-akuza-lleshajt-reagon-kunder-studenteve-sgjen-kohe-per-dy-vrasje-ne-tirane\/","title":{"rendered":"Braimllari akuza Lleshajt: Reagon kund\u00ebr student\u00ebve, s\u2019gjen koh\u00eb p\u00ebr dy vrasje n\u00eb Tiran\u00eb"},"content":{"rendered":"<p>Ish-deputeti i LSI-s\u00eb, Endrit Braimllari ka akuzuar sot ministrin e brendsh\u00ebm, Sand\u00ebr Lleshaj se po hesht p\u00ebr dy vrasjet e ndodhura s\u00eb fundmi n\u00eb kryeqytet. N\u00eb nj\u00eb postim n\u00eb facebook, Braimllari shkruan se Lleshaj \u201creagon kund\u00ebr student\u00ebve, kund\u00ebr qytetar\u00ebve q\u00eb protestojn\u00eb tek Unaze e Re, hedh gaz helmues n\u00eb kund\u00ebrshtim me ligjin n\u00eb protestat qytetare, por nuk gjen koh\u00eb t\u00eb reagoj\u00eb p\u00ebr dy vrasje mafioze n\u00eb mes t\u00eb Tiran\u00ebs\u201d.<\/p>\n<p><strong>Postimi i Braimllarit:<\/strong><\/p>\n<p><em>Sander Lleshi reagon kunder studenteve, kunder qytetareve qe protestojne tek Unaza e Re, hedh gaz helmues ne kundershtim me ligjin ne protestat qytetare por nuk gjene kohen te reagoje per dy vrasje mafioze ne mes te Tiranes.<\/em><\/p>\n<p><em>Ky eshte morali i nje qeverie te degraduar dhe te marre peng.<\/em><\/p>\n<p><em>Qytetarin e dobet dhe te varfer e arreston, e mbyt ne gaz helmues, i prish shtepine ne kundershtim me ligjin per te fituar miliona euro Edi Rama, ndersa oligarkun, kriminelin nuk guxon as ti permendi emrin.<\/em><\/p>\n<p><em>Nuk kishim dyshim qe Keshilltari i Sigurise se Kryeministrit, Sander Lleshi ne kohen me te erret te vendit ku dominonte kanabisi, trafiku nderkombetar i drogerave te forta, sot Minister i Brendshem, te ishte ndryshe. Sander Lleshi eshte thjeshte bashkepuntor i qeverise se krimit.<\/em><\/p>\n<p>&nbsp;<\/p>","protected":false},"excerpt":{"rendered":"<p>Ish-deputeti i LSI-s\u00eb, Endrit Braimllari ka akuzuar sot ministrin e brendsh\u00ebm, Sand\u00ebr Lleshaj se po hesht p\u00ebr dy vrasjet e ndodhura s\u00eb fundmi n\u00eb kryeqytet. N\u00eb nj\u00eb postim n\u00eb facebook, Braimllari shkruan se Lleshaj \u201creagon kund\u00ebr student\u00ebve, kund\u00ebr qytetar\u00ebve q\u00eb protestojn\u00eb tek Unaze e Re, hedh gaz helmues n\u00eb kund\u00ebrshtim me ligjin n\u00eb protestat qytetare, [&hellip;]<\/p>\n","protected":false},"author":2013,"featured_media":57698,"comment_status":"open","ping_status":"closed","sticky":false,"template":"","format":"standard","meta":{"footnotes":""},"categories":[241,235],"tags":[],"class_list":{"0":"post-75000","1":"post","2":"type-post","3":"status-publish","4":"format-standard","5":"has-post-thumbnail","7":"category-aktualitet","8":"category-vendi"},"_links":{"self":[{"href":"https:\/\/zjarr.tv\/en\/wp-json\/wp\/v2\/posts\/75000","targetHints":{"allow":["GET"]}}],"collection":[{"href":"https:\/\/zjarr.tv\/en\/wp-json\/wp\/v2\/posts"}],"about":[{"href":"https:\/\/zjarr.tv\/en\/wp-json\/wp\/v2\/types\/post"}],"author":[{"embeddable":true,"href":"https:\/\/zjarr.tv\/en\/wp-json\/wp\/v2\/users\/2013"}],"replies":[{"embeddable":true,"href":"https:\/\/zjarr.tv\/en\/wp-json\/wp\/v2\/comments?post=75000"}],"version-history":[{"count":0,"href":"https:\/\/zjarr.tv\/en\/wp-json\/wp\/v2\/posts\/75000\/revisions"}],"wp:featuredmedia":[{"embeddable":true,"href":"https:\/\/zjarr.tv\/en\/wp-json\/wp\/v2\/media\/57698"}],"wp:attachment":[{"href":"https:\/\/zjarr.tv\/en\/wp-json\/wp\/v2\/media?parent=75000"}],"wp:term":[{"taxonomy":"category","embeddable":true,"href":"https:\/\/zjarr.tv\/en\/wp-json\/wp\/v2\/categories?post=75000"},{"taxonomy":"post_tag","embeddable":true,"href":"https:\/\/zjarr.tv\/en\/wp-json\/wp\/v2\/tags?post=75000"}],"curies":[{"name":"wp","href":"https:\/\/api.w.org\/{rel}","templated":true}]}}