{"id":75007,"date":"2019-03-20T13:58:56","date_gmt":"2019-03-20T12:58:56","guid":{"rendered":"https:\/\/zjarr.tv\/?p=75007"},"modified":"2019-03-20T13:58:56","modified_gmt":"2019-03-20T12:58:56","slug":"aksident-ne-korce-plagosen-nene-e-bije","status":"publish","type":"post","link":"https:\/\/zjarr.tv\/en\/aksident-ne-korce-plagosen-nene-e-bije\/","title":{"rendered":"Aksident n\u00eb Kor\u00e7\u00eb, plagosen n\u00ebn\u00eb e bij\u00eb"},"content":{"rendered":"<p>Nj\u00eb aksident ka ndodhur m\u00ebngjesin e sot\u00ebm n\u00eb qytetin e Kor\u00e7\u00ebs, ku jan\u00eb p\u00ebrplasur dy makina. Aksidenti ka ndodhur pran\u00eb shkoll\u00ebs greke n\u00eb qytet, nd\u00ebrsa m\u00ebsohet se nga p\u00ebrplasja kan\u00eb mbetur t\u00eb plagosur n\u00ebn\u00eb e bij\u00eb. P\u00ebr fat t\u00eb mir\u00eb dy t\u00eb plagosurat ndodhen jasht\u00eb rrezikut p\u00ebr jet\u00ebn, nd\u00ebrsa jan\u00eb d\u00ebrguar drejt spitalit me ambulanc\u00eb ku po marrin ndihm\u00ebn e nevojshme. Policia po punon p\u00ebr zbardhjen e shkaqeve t\u00eb aksidentit.<\/p>","protected":false},"excerpt":{"rendered":"<p>Nj\u00eb aksident ka ndodhur m\u00ebngjesin e sot\u00ebm n\u00eb qytetin e Kor\u00e7\u00ebs, ku jan\u00eb p\u00ebrplasur dy makina. Aksidenti ka ndodhur pran\u00eb shkoll\u00ebs greke n\u00eb qytet, nd\u00ebrsa m\u00ebsohet se nga p\u00ebrplasja kan\u00eb mbetur t\u00eb plagosur n\u00ebn\u00eb e bij\u00eb. P\u00ebr fat t\u00eb mir\u00eb dy t\u00eb plagosurat ndodhen jasht\u00eb rrezikut p\u00ebr jet\u00ebn, nd\u00ebrsa jan\u00eb d\u00ebrguar drejt spitalit me ambulanc\u00eb [&hellip;]<\/p>\n","protected":false},"author":2013,"featured_media":0,"comment_status":"open","ping_status":"closed","sticky":false,"template":"","format":"standard","meta":{"footnotes":""},"categories":[241,235],"tags":[],"class_list":{"0":"post-75007","1":"post","2":"type-post","3":"status-publish","4":"format-standard","6":"category-aktualitet","7":"category-vendi"},"_links":{"self":[{"href":"https:\/\/zjarr.tv\/en\/wp-json\/wp\/v2\/posts\/75007","targetHints":{"allow":["GET"]}}],"collection":[{"href":"https:\/\/zjarr.tv\/en\/wp-json\/wp\/v2\/posts"}],"about":[{"href":"https:\/\/zjarr.tv\/en\/wp-json\/wp\/v2\/types\/post"}],"author":[{"embeddable":true,"href":"https:\/\/zjarr.tv\/en\/wp-json\/wp\/v2\/users\/2013"}],"replies":[{"embeddable":true,"href":"https:\/\/zjarr.tv\/en\/wp-json\/wp\/v2\/comments?post=75007"}],"version-history":[{"count":0,"href":"https:\/\/zjarr.tv\/en\/wp-json\/wp\/v2\/posts\/75007\/revisions"}],"wp:attachment":[{"href":"https:\/\/zjarr.tv\/en\/wp-json\/wp\/v2\/media?parent=75007"}],"wp:term":[{"taxonomy":"category","embeddable":true,"href":"https:\/\/zjarr.tv\/en\/wp-json\/wp\/v2\/categories?post=75007"},{"taxonomy":"post_tag","embeddable":true,"href":"https:\/\/zjarr.tv\/en\/wp-json\/wp\/v2\/tags?post=75007"}],"curies":[{"name":"wp","href":"https:\/\/api.w.org\/{rel}","templated":true}]}}