{"id":75084,"date":"2019-03-20T16:14:57","date_gmt":"2019-03-20T15:14:57","guid":{"rendered":"https:\/\/zjarr.tv\/?p=75084"},"modified":"2019-03-20T16:14:57","modified_gmt":"2019-03-20T15:14:57","slug":"vironi-imeri-na-rreh-gjaku-per-shqiperine","status":"publish","type":"post","link":"https:\/\/zjarr.tv\/en\/vironi-imeri-na-rreh-gjaku-per-shqiperine\/","title":{"rendered":"Vironi-Imeri: Na rreh gjaku p\u00ebr Shqip\u00ebrin\u00eb"},"content":{"rendered":"<p>Giacomo Vrioni dhe Omar Imeri, dy lojtar\u00ebt e komb\u00ebtares U-21 kan\u00eb dal\u00eb dit\u00ebn e sotme n\u00eb nj\u00eb konferenc\u00eb n\u00eb shtyp, n\u00eb prag t\u00eb ndeshjes s\u00eb par\u00eb eliminatore Shqip\u00ebri-Turqi q\u00eb do t\u00eb zhvillohet m\u00eb 23 Mars n\u00eb or\u00ebn 19:00 n\u00eb \u201cElbasan Arena\u201d. Giacomo Vrioni n\u00ebnvizoi se skuadra do t\u00eb jap\u00eb maksimumin p\u00ebr ta nisur me nj\u00eb rezultat pozitiv fushat\u00ebn eliminatore. \u201cShpresojm\u00eb t\u00eb b\u00ebjm\u00eb maksimumin si n\u00eb \u00e7do ndeshje t\u00eb sezonit t\u00eb kaluar eliminator dhe t\u00eb na vijn\u00eb sa m\u00eb shum\u00eb njer\u00ebz p\u00ebr t\u00eb na p\u00ebrkrahur. Synimi \u00ebsht\u00eb t\u00eb b\u00ebjm\u00eb m\u00eb t\u00eb mir\u00eb dhe jemi t\u00eb sigurt q\u00eb do e b\u00ebjm\u00eb k\u00ebt\u00eb dhe do k\u00ebrkojm\u00eb tre pik\u00ebt n\u00eb \u00e7do takim.<\/p>\n<p>Komb\u00ebtarja? Un\u00eb e kam b\u00ebr\u00eb zgjedhjen time, kam qen\u00eb edhe n\u00eb komb\u00ebtaren e madhe dhe luajta 20 minuta kund\u00ebr Izraelit. Rival\u00ebt e grupit? T\u00eb gjitha ekipet n\u00eb grup jan\u00eb t\u00eb forta, t\u00eb gjith\u00eb jemi nj\u00ebsoj. Do japim t\u00eb gjith\u00eb maksimumin p\u00ebr t\u00eb grumbulluar sa m\u00eb shum\u00eb pike\u201d.<\/p>\n<p>Omar Imeri n\u00eb fjal\u00ebn e tij nuk e fshehu emocionin e p\u00ebrfaq\u00ebsimit t\u00eb Shqip\u00ebris\u00eb. \u201cNuk na k\u00ebnaq barazimi, shpresoj t\u00eb japim maksimumin n\u00eb fush\u00eb dhe t\u00eb fitojm\u00eb ndeshjen. \u00cbsht\u00eb ndeshja e par\u00eb dhe \u00ebsht\u00eb e r\u00ebnd\u00ebsishme. Besoj se do e fitojm\u00eb. Shpresojm\u00eb t\u2019i marrim gjasht\u00eb pik\u00eb n\u00eb k\u00ebto dy ndeshje. Na rreh gjaku t\u00eb luajm\u00eb p\u00ebr Shqip\u00ebrin\u00eb. Jam i k\u00ebnaqur p\u00ebr zgjedhjen q\u00eb kam b\u00ebr\u00eb.\u201d<\/p>","protected":false},"excerpt":{"rendered":"<p>Giacomo Vrioni dhe Omar Imeri, dy lojtar\u00ebt e komb\u00ebtares U-21 kan\u00eb dal\u00eb dit\u00ebn e sotme n\u00eb nj\u00eb konferenc\u00eb n\u00eb shtyp, n\u00eb prag t\u00eb ndeshjes s\u00eb par\u00eb eliminatore Shqip\u00ebri-Turqi q\u00eb do t\u00eb zhvillohet m\u00eb 23 Mars n\u00eb or\u00ebn 19:00 n\u00eb \u201cElbasan Arena\u201d. Giacomo Vrioni n\u00ebnvizoi se skuadra do t\u00eb jap\u00eb maksimumin p\u00ebr ta nisur me nj\u00eb [&hellip;]<\/p>\n","protected":false},"author":2013,"featured_media":0,"comment_status":"open","ping_status":"closed","sticky":false,"template":"","format":"standard","meta":{"footnotes":""},"categories":[241,192],"tags":[],"class_list":{"0":"post-75084","1":"post","2":"type-post","3":"status-publish","4":"format-standard","6":"category-aktualitet","7":"category-sport"},"_links":{"self":[{"href":"https:\/\/zjarr.tv\/en\/wp-json\/wp\/v2\/posts\/75084","targetHints":{"allow":["GET"]}}],"collection":[{"href":"https:\/\/zjarr.tv\/en\/wp-json\/wp\/v2\/posts"}],"about":[{"href":"https:\/\/zjarr.tv\/en\/wp-json\/wp\/v2\/types\/post"}],"author":[{"embeddable":true,"href":"https:\/\/zjarr.tv\/en\/wp-json\/wp\/v2\/users\/2013"}],"replies":[{"embeddable":true,"href":"https:\/\/zjarr.tv\/en\/wp-json\/wp\/v2\/comments?post=75084"}],"version-history":[{"count":0,"href":"https:\/\/zjarr.tv\/en\/wp-json\/wp\/v2\/posts\/75084\/revisions"}],"wp:attachment":[{"href":"https:\/\/zjarr.tv\/en\/wp-json\/wp\/v2\/media?parent=75084"}],"wp:term":[{"taxonomy":"category","embeddable":true,"href":"https:\/\/zjarr.tv\/en\/wp-json\/wp\/v2\/categories?post=75084"},{"taxonomy":"post_tag","embeddable":true,"href":"https:\/\/zjarr.tv\/en\/wp-json\/wp\/v2\/tags?post=75084"}],"curies":[{"name":"wp","href":"https:\/\/api.w.org\/{rel}","templated":true}]}}