{"id":75090,"date":"2019-03-20T16:26:47","date_gmt":"2019-03-20T15:26:47","guid":{"rendered":"https:\/\/zjarr.tv\/?p=75090"},"modified":"2019-03-20T16:26:47","modified_gmt":"2019-03-20T15:26:47","slug":"spaho-nuk-ka-kuptim-te-marrim-pjese-ne-zgjedhjet-vendore","status":"publish","type":"post","link":"https:\/\/zjarr.tv\/en\/spaho-nuk-ka-kuptim-te-marrim-pjese-ne-zgjedhjet-vendore\/","title":{"rendered":"Spaho: Nuk ka kuptim t\u00eb marrim pjes\u00eb n\u00eb zgjedhjet vendore"},"content":{"rendered":"<p><em>Opozita nuk do t\u00eb marr\u00eb pjes\u00eb n\u00eb zgjedhjet p\u00ebr pushtetin vendor n\u00ebse nuk largohet kryeministri Edi Rama. Ende nuk ka nj\u00eb vendim politik p\u00ebr bojkotin e procesit t\u00eb 30 qershorit, por n\u00ebnkryetari Edmond Spaho, thot\u00eb se nuk do t\u00eb hyjn\u00eb n\u00eb zgjedhje pa u plot\u00ebsuar kushtet e tyre. Largimi i Ram\u00ebs \u00ebsht\u00eb kusht dhe p\u00ebr negociata me mazhoranc\u00ebn p\u00ebr tejkalimin e kriz\u00ebs.<\/em> Duket se kriza politike e krijuar me djegien \u00a0e mandateve \u00ebsht\u00eb vet\u00ebm n\u00eb fillimin \u00a0e saj, pasi \u00a0opsioni i dyt\u00eb i opozit\u00ebs \u00ebsht\u00eb bojkoti i zgjedhjeve vendore. N\u00eb nj\u00eb intervist\u00eb p\u00ebr RTV ORA, n\u00ebnkryetari \u00a0demokrat Edmond Spaho, thot\u00eb se ende nuk ka nj\u00eb vendim, por sipas tij nuk mund t\u00eb ket\u00eb zgjedhje me Ram\u00ebn kryeminist\u00ebr.<\/p>\n<p><strong>Spaho:<\/strong>\u00a0<em>Nuk ka kuptim t\u00eb marr\u00ebsh pjes\u00eb n\u00eb zgjedhjet vendore, sa koh\u00eb ne betej\u00ebn po e b\u00ebjm\u00eb p\u00ebr zgjedhjet e p\u00ebrgjithshme.<\/em><\/p>\n<p>Spaho thot\u00eb se protestat p\u00ebr largimin e Ram\u00ebs, do t\u00eb vijojn\u00eb. Nd\u00ebrsa i pyetur n\u00ebqoft\u00ebse opozita pranon si negociator me mazhoranc\u00ebn presidentin Ilir Meta, \u00a0ai dha k\u00ebt\u00eb p\u00ebrgjigje:<\/p>\n<p><strong>Spaho:<\/strong>\u00a0<em>Ne kemi qen\u00eb shum\u00eb t\u00eb qart\u00eb n\u00eb k\u00ebt\u00eb pik\u00eb. Nuk hyjm\u00eb n\u00eb negociata pa u t\u00ebrhequr Edi Rama. Pasi t\u00eb largohet Edi Rama, sigurisht dikush do t\u00eb jet\u00eb nd\u00ebrmjet\u00ebs, Presidenti, nd\u00ebrkomb\u00ebtar\u00ebt, kushdo q\u00eb t\u00eb jet\u00eb \u00ebsht\u00eb i mir\u00ebpritur p\u00ebr t\u00eb biseduar p\u00ebr nj\u00eb qeveri tranzitore.<\/em><\/p>\n<p>N\u00ebnkryetari demokrat thot\u00eb se e mir\u00ebkupton kund\u00ebrshtin\u00eb e nd\u00ebrkomb\u00ebtar\u00ebve p\u00ebr djegien e mandateve, por ai thot\u00eb se shum\u00eb shpejt do ta kuptojn\u00eb se nuk kishte rrug\u00eb tjet\u00ebr p\u00ebr t\u00eb mbrojtur demokracin\u00eb.<\/p>\n<p><strong>Spaho:<\/strong>\u00a0\u00a0<em>Asnj\u00ebher\u00eb nuk ka p\u00ebr t\u00eb pasur stabilitet n\u00ebse nuk do t\u00eb ngrejn\u00eb demokraci t\u00eb v\u00ebrtet\u00eb. Edhe q\u00ebllimi i opozit\u00ebs \u00ebsht\u00eb ky q\u00eb ta l\u00ebvizi vendin nga kjo &#8220;demokracia&#8221; e stabilitetit n\u00eb nj\u00eb demokraci t\u00eb qytetar\u00ebve.<\/em><\/p>\n<p>Sinjali i par\u00eb p\u00ebr bojkotin e zgjedhjeve lokale u dha nj\u00eb dit\u00eb m\u00eb par\u00eb kur PD dhe LSI nuk dor\u00ebzuan emrat e komisionar\u00ebve qe do te p\u00ebrgatisin procesin zgjedhor te 30 qershorit.<\/p>\n<p>&nbsp;<\/p>","protected":false},"excerpt":{"rendered":"<p>Opozita nuk do t\u00eb marr\u00eb pjes\u00eb n\u00eb zgjedhjet p\u00ebr pushtetin vendor n\u00ebse nuk largohet kryeministri Edi Rama. Ende nuk ka nj\u00eb vendim politik p\u00ebr bojkotin e procesit t\u00eb 30 qershorit, por n\u00ebnkryetari Edmond Spaho, thot\u00eb se nuk do t\u00eb hyjn\u00eb n\u00eb zgjedhje pa u plot\u00ebsuar kushtet e tyre. Largimi i Ram\u00ebs \u00ebsht\u00eb kusht dhe p\u00ebr [&hellip;]<\/p>\n","protected":false},"author":2013,"featured_media":0,"comment_status":"open","ping_status":"closed","sticky":false,"template":"","format":"standard","meta":{"footnotes":""},"categories":[241,235],"tags":[],"class_list":{"0":"post-75090","1":"post","2":"type-post","3":"status-publish","4":"format-standard","6":"category-aktualitet","7":"category-vendi"},"_links":{"self":[{"href":"https:\/\/zjarr.tv\/en\/wp-json\/wp\/v2\/posts\/75090","targetHints":{"allow":["GET"]}}],"collection":[{"href":"https:\/\/zjarr.tv\/en\/wp-json\/wp\/v2\/posts"}],"about":[{"href":"https:\/\/zjarr.tv\/en\/wp-json\/wp\/v2\/types\/post"}],"author":[{"embeddable":true,"href":"https:\/\/zjarr.tv\/en\/wp-json\/wp\/v2\/users\/2013"}],"replies":[{"embeddable":true,"href":"https:\/\/zjarr.tv\/en\/wp-json\/wp\/v2\/comments?post=75090"}],"version-history":[{"count":0,"href":"https:\/\/zjarr.tv\/en\/wp-json\/wp\/v2\/posts\/75090\/revisions"}],"wp:attachment":[{"href":"https:\/\/zjarr.tv\/en\/wp-json\/wp\/v2\/media?parent=75090"}],"wp:term":[{"taxonomy":"category","embeddable":true,"href":"https:\/\/zjarr.tv\/en\/wp-json\/wp\/v2\/categories?post=75090"},{"taxonomy":"post_tag","embeddable":true,"href":"https:\/\/zjarr.tv\/en\/wp-json\/wp\/v2\/tags?post=75090"}],"curies":[{"name":"wp","href":"https:\/\/api.w.org\/{rel}","templated":true}]}}