{"id":76119,"date":"2019-03-29T14:22:19","date_gmt":"2019-03-29T13:22:19","guid":{"rendered":"https:\/\/zjarr.tv\/?p=76119"},"modified":"2019-03-29T14:22:19","modified_gmt":"2019-03-29T13:22:19","slug":"ruci-ironizon-me-opoziten-partizanet-rane-ne-emer-te-mandatit","status":"publish","type":"post","link":"https:\/\/zjarr.tv\/en\/ruci-ironizon-me-opoziten-partizanet-rane-ne-emer-te-mandatit\/","title":{"rendered":"Ru\u00e7i ironizon me opozit\u00ebn: Partizan\u00ebt ran\u00eb n\u00eb em\u00ebr t\u00eb \u2018mandatit\u2019"},"content":{"rendered":"<p>Kryetari i Kuvendit, Gramoz Ru\u00e7i i pranish\u00ebm sot n\u00eb Patos n\u00eb ceremonin\u00eb e 75 vjetorit t\u00eb betej\u00ebs s\u00eb Marg\u00eblli\u00e7it, ka komentuar situat\u00ebn\u00a0 politike n\u00eb vend. N\u00eb fjal\u00ebn e tij Ru\u00e7i, u ndal gjer\u00eb e gjat\u00eb te koha e luft\u00ebs s\u00eb LANC, nd\u00ebrsa nuk kurseu paralelizmat me situat\u00ebn politike t\u00eb vendit. Ru\u00e7i thumboi opozit\u00ebn p\u00ebr braktisjen e mandateve, duke u ndalur te partizan\u00ebt dhe r\u00ebnia e tyre gjat\u00eb luft\u00ebs.<\/p>\n<p>\u201cT\u00eb jesh sot antifashist dhe europian, do t\u00eb thot\u00eb t\u00eb punosh nat\u00eb e dit\u00eb p\u00ebr integrimin\u00a0europian t\u00eb Shqip\u00ebris\u00eb dhe luft\u00ebn p\u00ebr pushtet ta vesh n\u00eb sh\u00ebrbim t\u00eb nd\u00ebrtimit t\u00eb shtetit dhe jo anasjelltas; t\u00ed p\u00ebrkushtohesh e n\u00ebshtrohesh verdiktit t\u00eb votuesve dhe t\u00eb mos braktis\u00ebsh pozicionin ku t\u00eb ka vendosur vota e popullit.<\/p>\n<p>Un\u00eb e njoh mir\u00eb historin\u00eb e Luft\u00ebs Nacional-\u00c7lirimtare.\u00a0 Prej saj kam m\u00ebsuar se mjaft komandant\u00eb t\u00eb nj\u00ebsive partizane nuk arrit\u00ebn t\u00eb merrnin\u00a0 detyr\u00ebn sepse ran\u00eb n\u00eb betej\u00eb para se tu vinte njoftimi i em\u00ebrimit prej korrierit partizan. Ata ran\u00eb n\u00eb em\u00ebr t\u00eb \u201cmandatit\u201d q\u00eb i kishin caktuar vetes, si partizan\u00eb e \u00e7lirimtar\u00eb.<\/p>\n<p>Sa jetike \u00ebsht\u00eb p\u00ebr demokracin\u00eb dhe p\u00ebr Shqip\u00ebrin\u00eb respektimi dhe sa shkat\u00ebrruese \u00ebsht\u00eb braktisja e mandateve t\u00eb popullit. Ky \u00ebsht\u00eb m\u00ebsimi q\u00eb vjen nga shqiptar\u00ebt antifashist\u00eb, ky \u00ebsht\u00eb m\u00ebsimi q\u00eb vjen nga demokrat\u00ebt e v\u00ebrtet\u00eb t\u00eb \u00e7do kohe.\u201d- u shpreh Ru\u00e7i.<\/p>\n<p>&nbsp;<\/p>","protected":false},"excerpt":{"rendered":"<p>Kryetari i Kuvendit, Gramoz Ru\u00e7i i pranish\u00ebm sot n\u00eb Patos n\u00eb ceremonin\u00eb e 75 vjetorit t\u00eb betej\u00ebs s\u00eb Marg\u00eblli\u00e7it, ka komentuar situat\u00ebn\u00a0 politike n\u00eb vend. N\u00eb fjal\u00ebn e tij Ru\u00e7i, u ndal gjer\u00eb e gjat\u00eb te koha e luft\u00ebs s\u00eb LANC, nd\u00ebrsa nuk kurseu paralelizmat me situat\u00ebn politike t\u00eb vendit. Ru\u00e7i thumboi opozit\u00ebn p\u00ebr braktisjen [&hellip;]<\/p>\n","protected":false},"author":2013,"featured_media":59363,"comment_status":"open","ping_status":"closed","sticky":false,"template":"","format":"standard","meta":{"footnotes":""},"categories":[241,235],"tags":[],"class_list":{"0":"post-76119","1":"post","2":"type-post","3":"status-publish","4":"format-standard","5":"has-post-thumbnail","7":"category-aktualitet","8":"category-vendi"},"_links":{"self":[{"href":"https:\/\/zjarr.tv\/en\/wp-json\/wp\/v2\/posts\/76119","targetHints":{"allow":["GET"]}}],"collection":[{"href":"https:\/\/zjarr.tv\/en\/wp-json\/wp\/v2\/posts"}],"about":[{"href":"https:\/\/zjarr.tv\/en\/wp-json\/wp\/v2\/types\/post"}],"author":[{"embeddable":true,"href":"https:\/\/zjarr.tv\/en\/wp-json\/wp\/v2\/users\/2013"}],"replies":[{"embeddable":true,"href":"https:\/\/zjarr.tv\/en\/wp-json\/wp\/v2\/comments?post=76119"}],"version-history":[{"count":0,"href":"https:\/\/zjarr.tv\/en\/wp-json\/wp\/v2\/posts\/76119\/revisions"}],"wp:featuredmedia":[{"embeddable":true,"href":"https:\/\/zjarr.tv\/en\/wp-json\/wp\/v2\/media\/59363"}],"wp:attachment":[{"href":"https:\/\/zjarr.tv\/en\/wp-json\/wp\/v2\/media?parent=76119"}],"wp:term":[{"taxonomy":"category","embeddable":true,"href":"https:\/\/zjarr.tv\/en\/wp-json\/wp\/v2\/categories?post=76119"},{"taxonomy":"post_tag","embeddable":true,"href":"https:\/\/zjarr.tv\/en\/wp-json\/wp\/v2\/tags?post=76119"}],"curies":[{"name":"wp","href":"https:\/\/api.w.org\/{rel}","templated":true}]}}