{"id":77126,"date":"2019-04-03T16:53:49","date_gmt":"2019-04-03T14:53:49","guid":{"rendered":"https:\/\/zjarr.tv\/?p=77126"},"modified":"2019-04-03T16:53:49","modified_gmt":"2019-04-03T14:53:49","slug":"salianji-nxjerr-pergjime-te-reja","status":"publish","type":"post","link":"https:\/\/zjarr.tv\/en\/salianji-nxjerr-pergjime-te-reja\/","title":{"rendered":"Salianji nxjerr p\u00ebrgjime t\u00eb reja"},"content":{"rendered":"<p>Ish-deputeti i Partis\u00eb Demokratike, Ervin Salianji ka publikuar p\u00ebrgjime t\u00eb reja n\u00eb bised\u00ebn e kryer mes Fredi Alizoti, i njohur ndryshe si \u201cBabalja\u201d dhe drejtorit t\u00eb Policis\u00eb s\u00eb Fierit, Andon Marku.<\/p>\n<p>Ai tha se drejtori aktual i Policis\u00eb s\u00eb Fierit, Andon Marko duhet t\u00eb ishte n\u00eb burg p\u00ebr kall\u00ebzim t\u00eb rrem\u00eb n\u00eb Prokurori p\u00ebr rastin \u201cBabale\u201d dhe jo t\u00eb shp\u00ebrblehej me postin e kreut t\u00eb Policis\u00eb s\u00eb Fierit.<\/p>\n<p>\u201cPromovimi n\u00eb Polici nuk b\u00ebhet mbi baz\u00ebn e pun\u00ebs dhe rezultateve mbi krimin. Andon Marko ka marr\u00eb\u00a0 postin e drejtorit t\u00eb Policis\u00eb s\u00eb Fierit. \u00cbsht\u00eb e qart\u00eb dhe e dokumentuar me prova s\u00eb Andon Marku, i graduari m\u00eb i ri i band\u00ebs n\u00eb polici sot duhet t\u00eb ishte n\u00eb burg p\u00ebr\u00a0 d\u00ebshmi t\u00eb rreme. Kush shkel ligjin rri pran\u00eb padrinos. \u00a0K\u00ebt\u00eb jan\u00eb njer\u00ebzit q\u00eb Rama respekton m\u00eb shum\u00eb sesa njer\u00ebzit e thjesht\u00eb. Ne do ta shkulim k\u00ebt\u00eb sistem n\u00eb \u00e7do qeliz\u00eb\u201d, the mes tjerash Salianji.<\/p>\n<p>Sipas Salianjit, kryeministri Edi Rama ka ngritur nj\u00eb sistem kriminal dhe korruptiv t\u00eb karrier\u00ebs, ku sa m\u00eb shum\u00eb t\u00eb shkel\u00ebsh ligjin n\u00eb favor t\u00eb Ram\u00ebs dhe band\u00ebs s\u00eb tij, aq m\u00eb shum\u00eb promovohesh.<\/p>\n<p><strong>Deklarata e plot\u00eb:<\/strong><\/p>\n<p>\u201cEdi Rama ka ngritur nj\u00eb sistem kriminal dhe korruptiv t\u00eb karrier\u00ebs, ku sa m\u00eb shum\u00eb t\u00eb shkel\u00ebsh ligjin n\u00eb favor t\u00eb Ram\u00ebs dhe band\u00ebs s\u00eb tij, aq m\u00eb shum\u00eb promovohesh brenda narkoshtetit.<\/p>\n<p>Kulmin e ka arritur Policia e Shtetit, nga struktur\u00eb e depolitizuar dhe n\u00eb sh\u00ebrbim t\u00eb qytetar\u00ebve \u00ebsht\u00eb kthyer n\u00eb sh\u00ebrb\u00ebtore t\u00eb krimit dhe n\u00eb dhunuese t\u00eb qytetar\u00ebve. Promovimi n\u00eb karrier\u00ebn e policis\u00eb nuk b\u00ebhet mbi baz\u00ebn e rezultateve t\u00eb pun\u00ebs kund\u00ebr krimit, por mbi baz\u00ebn e sh\u00ebrbimit ndaj krimit dhe bandit\u00ebve. Rasti konkret q\u00eb po denoncojm\u00eb sot \u00ebsht\u00eb Andon Marko. Qytetar\u00ebt e njohin nga skandali i p\u00ebrgjimeve t\u00eb pazbardhura t\u00eb prokuroris\u00eb si pjes\u00eb e manipulimit shtet\u00ebror t\u00eb dosjes s\u00eb drog\u00ebs s\u00eb Agron Xhaf\u00ebs. Andon Marko \u00ebsht\u00eb n\u00ebndrejtori i Policis\u00eb s\u00eb Fierit q\u00eb \u00ebsht\u00eb n\u00ebn urdhrat e Fredi Alizotit, d\u00ebshmitarit t\u00eb sajuar dhe t\u00eb bler\u00eb t\u00eb qeveris\u00eb p\u00ebr manipulimin e dosjes.<\/p>\n<p>Andon Marko ka marr\u00eb dje em\u00ebrimin si drejtor i Policis\u00eb s\u00eb Fierit si shp\u00ebrblim p\u00ebr sh\u00ebrbimin ndaj band\u00ebs dhe p\u00ebr t\u2019i mbyllur goj\u00ebn, sepse audio p\u00ebrgjimet tregojn\u00eb se miku i Ardi Veliut dhe Fredi Alizotit, di shum\u00eb. Ai di sa para ka marr\u00eb d\u00ebshmitari i sajuar p\u00ebr t\u00eb d\u00ebshmuar kund\u00ebr opozit\u00ebs. Drejtori i ri i Band\u00ebs n\u00eb Fier di sa her\u00eb \u00ebsht\u00eb takuar me Ardi Veliun dhe shefin e madh, sa her\u00eb dhe ku \u00ebsht\u00eb takuar d\u00ebshmitari i bler\u00eb me Gramozin dhe Taulantin.<\/p>\n<p>Disa nga p\u00ebrgjimet q\u00eb po publikojm\u00eb sot tregojn\u00eb p\u00ebr af\u00ebrsin\u00eb mes Drejtorit t\u00eb ri t\u00eb band\u00ebs n\u00eb Fier dhe d\u00ebshmitarit t\u00eb sajuar t\u00eb qeveris\u00eb dhe se ai \u00ebsht\u00eb n\u00eb dijeni t\u00eb t\u00eb gjith\u00eb skem\u00ebs s\u00eb manipulimit dhe blerjes. \u00cbsht\u00eb e qart\u00eb dhe e provuar me dokumenta q\u00eb ndodhen n\u00eb dosjen zyrtare se Andon Marko, i graduari m\u00eb i ri i Band\u00ebs n\u00eb Polici, sot duhej t\u00eb ishte n\u00eb burg p\u00ebr shp\u00ebrdorim detyre, p\u00ebr pengim te drejt\u00ebsis\u00eb dhe d\u00ebshmi t\u00eb rreme, p\u00ebr t\u00eb cil\u00ebn do t\u00eb keni rast t\u00eb njiheni m\u00eb von\u00eb.<\/p>\n<p>Sot, asgj\u00eb nga k\u00ebto nuk ndodh, sepse n\u00eb sistemin e ngritur nga Edi Rama, sh\u00ebrbimi ndaj band\u00ebs n\u00eb qeveri shp\u00ebrblehet me ngritje n\u00eb detyr\u00eb. Kush shkel ligjin p\u00ebr t\u00eb faviorizuar krimin, rri af\u00ebr Padrinos, kush lufton krimin p\u00ebrfundon n\u00eb azil si oficer\u00ebt e policis\u00eb Dritan Zagani, Emiljano Nuhu e shum\u00eb t\u00eb tjer\u00eb q\u00eb ose ikin, ose p\u00ebrfundojn\u00eb n\u00eb rrug\u00eb t\u00eb tradh\u00ebtuar nga Edi i Hakmarrjes, Edi Shullazi, Edi Dajti, Edi Frroku, Edi Prenga, Edi Roshi, Edi Ndoka dhe mund t\u2019i vendosni k\u00ebtij kryeministri emrin e \u00e7do krimineli q\u00eb njihni, sepse ai e p\u00ebrfaq\u00ebson at\u00eb dhe e vlereson m\u00eb shum\u00eb se \u00e7do qytetar dhe polic t\u00eb ndersh\u00ebm t\u00eb k\u00ebtij vendi.<\/p>\n<p>&nbsp;<\/p>","protected":false},"excerpt":{"rendered":"<p>Ish-deputeti i Partis\u00eb Demokratike, Ervin Salianji ka publikuar p\u00ebrgjime t\u00eb reja n\u00eb bised\u00ebn e kryer mes Fredi Alizoti, i njohur ndryshe si \u201cBabalja\u201d dhe drejtorit t\u00eb Policis\u00eb s\u00eb Fierit, Andon Marku. Ai tha se drejtori aktual i Policis\u00eb s\u00eb Fierit, Andon Marko duhet t\u00eb ishte n\u00eb burg p\u00ebr kall\u00ebzim t\u00eb rrem\u00eb n\u00eb Prokurori p\u00ebr rastin [&hellip;]<\/p>\n","protected":false},"author":2013,"featured_media":0,"comment_status":"open","ping_status":"closed","sticky":false,"template":"","format":"standard","meta":{"footnotes":""},"categories":[241,235],"tags":[],"class_list":{"0":"post-77126","1":"post","2":"type-post","3":"status-publish","4":"format-standard","6":"category-aktualitet","7":"category-vendi"},"_links":{"self":[{"href":"https:\/\/zjarr.tv\/en\/wp-json\/wp\/v2\/posts\/77126","targetHints":{"allow":["GET"]}}],"collection":[{"href":"https:\/\/zjarr.tv\/en\/wp-json\/wp\/v2\/posts"}],"about":[{"href":"https:\/\/zjarr.tv\/en\/wp-json\/wp\/v2\/types\/post"}],"author":[{"embeddable":true,"href":"https:\/\/zjarr.tv\/en\/wp-json\/wp\/v2\/users\/2013"}],"replies":[{"embeddable":true,"href":"https:\/\/zjarr.tv\/en\/wp-json\/wp\/v2\/comments?post=77126"}],"version-history":[{"count":0,"href":"https:\/\/zjarr.tv\/en\/wp-json\/wp\/v2\/posts\/77126\/revisions"}],"wp:attachment":[{"href":"https:\/\/zjarr.tv\/en\/wp-json\/wp\/v2\/media?parent=77126"}],"wp:term":[{"taxonomy":"category","embeddable":true,"href":"https:\/\/zjarr.tv\/en\/wp-json\/wp\/v2\/categories?post=77126"},{"taxonomy":"post_tag","embeddable":true,"href":"https:\/\/zjarr.tv\/en\/wp-json\/wp\/v2\/tags?post=77126"}],"curies":[{"name":"wp","href":"https:\/\/api.w.org\/{rel}","templated":true}]}}