{"id":77212,"date":"2019-04-04T13:14:30","date_gmt":"2019-04-04T11:14:30","guid":{"rendered":"https:\/\/zjarr.tv\/?p=77212"},"modified":"2019-04-04T13:14:30","modified_gmt":"2019-04-04T11:14:30","slug":"platforma-rama-qytetareve-mos-lejoni-qe-tu-shohin-nga-xhepi","status":"publish","type":"post","link":"https:\/\/zjarr.tv\/en\/platforma-rama-qytetareve-mos-lejoni-qe-tu-shohin-nga-xhepi\/","title":{"rendered":"Platforma\/ Rama-qytetar\u00ebve: Mos lejoni q\u00eb t\u2019u shohin nga xhepi!"},"content":{"rendered":"<p>Kryeministri Edi Rama, n\u00eb takimin e p\u00ebrjavsh\u00ebm\u00a0 me platform\u00ebn e bashk\u00ebqeverisjes tha se t\u00eb dh\u00ebnat e sondazheve tregojn\u00eb se besimi i publikut \u00ebsht\u00eb rritur tek platforma. Ai theksoi se qytetar\u00ebt jo vet\u00ebm q\u00eb marrin sh\u00ebrbim dhe zgjidhin hallet e tyre, por nj\u00ebher\u00ebsh ushtrojn\u00eb presion mbi administrat\u00ebn duke e p\u00ebrmir\u00ebsuar pun\u00ebn e tyre.<\/p>\n<p>\u201cSkuadra e platform\u00ebs \u00ebsht\u00eb e gatshme t\u00eb adresoj\u00eb problemin dhe ta zgjidh\u00eb at\u00eb. Kemi b\u00ebr\u00eb nj\u00eb anketim lidhur me perceptimin e publikut p\u00ebr sh\u00ebrbimin e kryer. Kemi konstatuar se p\u00ebrqindja q\u00eb vler\u00ebsojn\u00eb se sh\u00ebrbimet jan\u00eb p\u00ebrmir\u00ebsuar \u00ebsht\u00eb e konsiderueshme dhe e pakrahasueshme me at\u00eb q\u00eb kishim nj\u00eb vit m\u00eb par\u00eb. Platforma jo vet\u00ebm zgjidh\u00eb probleme, por edhe ushtron presione mbi administrat\u00ebn\u201d, tha Rama.<\/p>\n<p>Shefi i qeveris\u00eb u ndal edhe tek fusha e Hipotekave dhe e Aluiznit, ku shum\u00eb qytetar\u00eb kan\u00eb probleme me pronat dhe me dokumentet p\u00ebrkat\u00ebse. Ai shtoi se me shkrirjen e tyre n\u00eb nj\u00eb agjenci t\u00eb vetme, jo vet\u00ebm do t\u00eb reduktohen burokracit\u00eb, por kjo do t\u00eb shtoj\u00eb fleksibilitetin dhe efektshm\u00ebrin\u00eb tek nevojat e shqet\u00ebsimet q\u00eb kan\u00eb qytetar\u00ebt.<\/p>\n<p>\u201cSot nuk kemi m\u00eb Hipotek\u00eb dhe Aluizni t\u00eb ndar\u00eb, por nj\u00eb agjenci e cila sapo ka filluar bashkimin n\u00eb nj\u00eb. Mos prisni, mos lejoni t\u2019u shikojn\u00eb nga xhepi, mos k\u00ebrkoni deputetin e krushkun, por thjesht nj\u00eb klik n\u00eb Shqip\u00ebriaq\u00ebduam.al dhe menj\u00ebher\u00eb keni qeverin\u00eb n\u00eb krahun tuaj. Qeveria \u00ebsht\u00eb nj\u00eb instrument n\u00eb dor\u00ebn e \u00e7do qytetari\u201d, shtoi ai.<\/p>\n<p>N\u00eb takimin e radh\u00ebs t\u00eb \u201cBashk\u00ebqeverisjes\u201d, Kryeministri Rama prezantoi studenten e pun\u00ebsuar s\u00eb fundi n\u00eb platform\u00eb, e q\u00eb vjen nga radh\u00ebt e paktit p\u00ebr universtitetin, p\u00ebr pun\u00ebsimin e ekselent\u00ebve. Rama tha se studentja e pun\u00ebsuar, vijon studimet master shkencor n\u00eb universitet dhe \u00ebsht\u00eb nj\u00eb shembull q\u00eb masterin e paguan me pun\u00ebn e vet.<\/p>\n<h1><\/h1>","protected":false},"excerpt":{"rendered":"<p>Kryeministri Edi Rama, n\u00eb takimin e p\u00ebrjavsh\u00ebm\u00a0 me platform\u00ebn e bashk\u00ebqeverisjes tha se t\u00eb dh\u00ebnat e sondazheve tregojn\u00eb se besimi i publikut \u00ebsht\u00eb rritur tek platforma. Ai theksoi se qytetar\u00ebt jo vet\u00ebm q\u00eb marrin sh\u00ebrbim dhe zgjidhin hallet e tyre, por nj\u00ebher\u00ebsh ushtrojn\u00eb presion mbi administrat\u00ebn duke e p\u00ebrmir\u00ebsuar pun\u00ebn e tyre. \u201cSkuadra e platform\u00ebs [&hellip;]<\/p>\n","protected":false},"author":4,"featured_media":76602,"comment_status":"open","ping_status":"closed","sticky":false,"template":"","format":"standard","meta":{"footnotes":""},"categories":[241,231,235],"tags":[],"class_list":{"0":"post-77212","1":"post","2":"type-post","3":"status-publish","4":"format-standard","5":"has-post-thumbnail","7":"category-aktualitet","8":"category-lajme","9":"category-vendi"},"_links":{"self":[{"href":"https:\/\/zjarr.tv\/en\/wp-json\/wp\/v2\/posts\/77212","targetHints":{"allow":["GET"]}}],"collection":[{"href":"https:\/\/zjarr.tv\/en\/wp-json\/wp\/v2\/posts"}],"about":[{"href":"https:\/\/zjarr.tv\/en\/wp-json\/wp\/v2\/types\/post"}],"author":[{"embeddable":true,"href":"https:\/\/zjarr.tv\/en\/wp-json\/wp\/v2\/users\/4"}],"replies":[{"embeddable":true,"href":"https:\/\/zjarr.tv\/en\/wp-json\/wp\/v2\/comments?post=77212"}],"version-history":[{"count":0,"href":"https:\/\/zjarr.tv\/en\/wp-json\/wp\/v2\/posts\/77212\/revisions"}],"wp:featuredmedia":[{"embeddable":true,"href":"https:\/\/zjarr.tv\/en\/wp-json\/wp\/v2\/media\/76602"}],"wp:attachment":[{"href":"https:\/\/zjarr.tv\/en\/wp-json\/wp\/v2\/media?parent=77212"}],"wp:term":[{"taxonomy":"category","embeddable":true,"href":"https:\/\/zjarr.tv\/en\/wp-json\/wp\/v2\/categories?post=77212"},{"taxonomy":"post_tag","embeddable":true,"href":"https:\/\/zjarr.tv\/en\/wp-json\/wp\/v2\/tags?post=77212"}],"curies":[{"name":"wp","href":"https:\/\/api.w.org\/{rel}","templated":true}]}}