{"id":77214,"date":"2019-04-04T13:30:45","date_gmt":"2019-04-04T11:30:45","guid":{"rendered":"https:\/\/zjarr.tv\/?p=77214"},"modified":"2019-04-04T13:30:45","modified_gmt":"2019-04-04T11:30:45","slug":"tubimi-i-16-marsit-jepet-masa-apeli-le-ne-burg-dy-protestues","status":"publish","type":"post","link":"https:\/\/zjarr.tv\/en\/tubimi-i-16-marsit-jepet-masa-apeli-le-ne-burg-dy-protestues\/","title":{"rendered":"Tubimi i 16 marsit\/ Jepet masa, Apeli l\u00eb n\u00eb burg dy protestues"},"content":{"rendered":"<p>Gjykata e Apelit n\u00eb Tiran\u00eb ka caktuar sot mas\u00ebn e siguris\u00eb p\u00ebr protestuesit e opozit\u00ebs, t\u00eb cil\u00ebt u shoq\u00ebruan me 16 Mars.<\/p>\n<p>Kjo gjykat\u00eb ka l\u00ebn\u00eb n\u00eb burg Mariglen Docin dhe Dorjan Protoduarin, nd\u00ebrsa p\u00ebr shtetasit Pal Dija, Gazmir Bekshiu, Aldi Spaho, Emilajno Mustaf\u00ebn dhe Ermir Bruka \u00ebsht\u00eb caktuar masa e siguris\u00eb \u201carrest sht\u00ebpie\u201d.<\/p>\n<p>Familjar\u00ebt s\u00eb bashku me ish-deputetin e Partis\u00eb Demokratike, Klevis Balliun kan\u00eb ankimuar masat. Balliu pohoi se nuk ka asnj\u00eb prov\u00eb, por shtoi se Rama ka arrestuar qytetar\u00ebt, pasi ka frik\u00eb dhe iu trembet protestave.<\/p>\n<p>Nga ana tjet\u00ebr ende p\u00ebr pes\u00eb protestues t\u00eb tjer\u00eb nuk \u00ebsht\u00eb caktuar masa e siguris\u00eb. Ata jan\u00eb; Ilir Hamedani, Ferit Dankshi , Saimir Rexhepi, Florenc Hoxha, Agim Peposhi.<\/p>","protected":false},"excerpt":{"rendered":"<p>Gjykata e Apelit n\u00eb Tiran\u00eb ka caktuar sot mas\u00ebn e siguris\u00eb p\u00ebr protestuesit e opozit\u00ebs, t\u00eb cil\u00ebt u shoq\u00ebruan me 16 Mars. Kjo gjykat\u00eb ka l\u00ebn\u00eb n\u00eb burg Mariglen Docin dhe Dorjan Protoduarin, nd\u00ebrsa p\u00ebr shtetasit Pal Dija, Gazmir Bekshiu, Aldi Spaho, Emilajno Mustaf\u00ebn dhe Ermir Bruka \u00ebsht\u00eb caktuar masa e siguris\u00eb \u201carrest sht\u00ebpie\u201d. Familjar\u00ebt [&hellip;]<\/p>\n","protected":false},"author":4,"featured_media":0,"comment_status":"open","ping_status":"closed","sticky":false,"template":"","format":"standard","meta":{"footnotes":""},"categories":[241,231,235],"tags":[],"class_list":{"0":"post-77214","1":"post","2":"type-post","3":"status-publish","4":"format-standard","6":"category-aktualitet","7":"category-lajme","8":"category-vendi"},"_links":{"self":[{"href":"https:\/\/zjarr.tv\/en\/wp-json\/wp\/v2\/posts\/77214","targetHints":{"allow":["GET"]}}],"collection":[{"href":"https:\/\/zjarr.tv\/en\/wp-json\/wp\/v2\/posts"}],"about":[{"href":"https:\/\/zjarr.tv\/en\/wp-json\/wp\/v2\/types\/post"}],"author":[{"embeddable":true,"href":"https:\/\/zjarr.tv\/en\/wp-json\/wp\/v2\/users\/4"}],"replies":[{"embeddable":true,"href":"https:\/\/zjarr.tv\/en\/wp-json\/wp\/v2\/comments?post=77214"}],"version-history":[{"count":0,"href":"https:\/\/zjarr.tv\/en\/wp-json\/wp\/v2\/posts\/77214\/revisions"}],"wp:attachment":[{"href":"https:\/\/zjarr.tv\/en\/wp-json\/wp\/v2\/media?parent=77214"}],"wp:term":[{"taxonomy":"category","embeddable":true,"href":"https:\/\/zjarr.tv\/en\/wp-json\/wp\/v2\/categories?post=77214"},{"taxonomy":"post_tag","embeddable":true,"href":"https:\/\/zjarr.tv\/en\/wp-json\/wp\/v2\/tags?post=77214"}],"curies":[{"name":"wp","href":"https:\/\/api.w.org\/{rel}","templated":true}]}}