{"id":77232,"date":"2019-04-04T14:51:54","date_gmt":"2019-04-04T12:51:54","guid":{"rendered":"https:\/\/zjarr.tv\/?p=77232"},"modified":"2019-04-04T14:51:54","modified_gmt":"2019-04-04T12:51:54","slug":"durres-gjonaj9-masa-disiplinore","status":"publish","type":"post","link":"https:\/\/zjarr.tv\/en\/durres-gjonaj9-masa-disiplinore\/","title":{"rendered":"Durr\u00ebs, Gjonaj:9 masa disiplinore"},"content":{"rendered":"<p>Ministria e Drejt\u00ebsis\u00eb, Etilda Gjonaj doli sot ashtu si \u00e7do jav\u00eb p\u00ebr t\u00eb b\u00ebr\u00eb publike masat e marra nga kontrollet e Task Forc\u00ebs Antikorrupsion.<\/p>\n<p>Gajt\u00eb jav\u00ebs s\u00eb kaluar, pas denoncimeve t\u00eb qytetar\u00ebve n\u00eb platform\u00ebn e bashk\u00ebqeverisjes Shqip\u00ebriaq\u00ebduam.al, Gjonaj tha se Task Forca \u00ebsht\u00eb ndalur n\u00eb Drejtorin\u00eb Rajonale t\u00eb Mjedisit n\u00eb Durr\u00ebs, ku jan\u00eb konstatuar shkelje n\u00eb lidhje me lejet mjedisore. Ajo sqaroi se n\u00eb baz\u00eb t\u00eb shkeljeve jan\u00eb rekomanduar 9 masa disiplinore p\u00ebr drejtuesin dhe specialist\u00ebt.<\/p>\n<p>Po ashtu minstrja njoftoi edhe tre masa disiplinore n\u00eb burgun e Fush\u00eb-Kruj\u00ebs p\u00ebr tre punonj\u00ebs q\u00eb akuzohen p\u00ebr shp\u00ebrdorim detyre.<\/p>\n<p>&nbsp;<\/p>","protected":false},"excerpt":{"rendered":"<p>Ministria e Drejt\u00ebsis\u00eb, Etilda Gjonaj doli sot ashtu si \u00e7do jav\u00eb p\u00ebr t\u00eb b\u00ebr\u00eb publike masat e marra nga kontrollet e Task Forc\u00ebs Antikorrupsion. Gajt\u00eb jav\u00ebs s\u00eb kaluar, pas denoncimeve t\u00eb qytetar\u00ebve n\u00eb platform\u00ebn e bashk\u00ebqeverisjes Shqip\u00ebriaq\u00ebduam.al, Gjonaj tha se Task Forca \u00ebsht\u00eb ndalur n\u00eb Drejtorin\u00eb Rajonale t\u00eb Mjedisit n\u00eb Durr\u00ebs, ku jan\u00eb konstatuar shkelje [&hellip;]<\/p>\n","protected":false},"author":2013,"featured_media":64856,"comment_status":"open","ping_status":"closed","sticky":false,"template":"","format":"standard","meta":{"footnotes":""},"categories":[241,235],"tags":[],"class_list":{"0":"post-77232","1":"post","2":"type-post","3":"status-publish","4":"format-standard","5":"has-post-thumbnail","7":"category-aktualitet","8":"category-vendi"},"_links":{"self":[{"href":"https:\/\/zjarr.tv\/en\/wp-json\/wp\/v2\/posts\/77232","targetHints":{"allow":["GET"]}}],"collection":[{"href":"https:\/\/zjarr.tv\/en\/wp-json\/wp\/v2\/posts"}],"about":[{"href":"https:\/\/zjarr.tv\/en\/wp-json\/wp\/v2\/types\/post"}],"author":[{"embeddable":true,"href":"https:\/\/zjarr.tv\/en\/wp-json\/wp\/v2\/users\/2013"}],"replies":[{"embeddable":true,"href":"https:\/\/zjarr.tv\/en\/wp-json\/wp\/v2\/comments?post=77232"}],"version-history":[{"count":0,"href":"https:\/\/zjarr.tv\/en\/wp-json\/wp\/v2\/posts\/77232\/revisions"}],"wp:featuredmedia":[{"embeddable":true,"href":"https:\/\/zjarr.tv\/en\/wp-json\/wp\/v2\/media\/64856"}],"wp:attachment":[{"href":"https:\/\/zjarr.tv\/en\/wp-json\/wp\/v2\/media?parent=77232"}],"wp:term":[{"taxonomy":"category","embeddable":true,"href":"https:\/\/zjarr.tv\/en\/wp-json\/wp\/v2\/categories?post=77232"},{"taxonomy":"post_tag","embeddable":true,"href":"https:\/\/zjarr.tv\/en\/wp-json\/wp\/v2\/tags?post=77232"}],"curies":[{"name":"wp","href":"https:\/\/api.w.org\/{rel}","templated":true}]}}