{"id":77251,"date":"2019-04-04T15:15:59","date_gmt":"2019-04-04T13:15:59","guid":{"rendered":"https:\/\/zjarr.tv\/?p=77251"},"modified":"2019-04-04T15:15:59","modified_gmt":"2019-04-04T13:15:59","slug":"italia-prin-aleancen-e-ekstremit-te-djathte-salvini-lamtumire-te-majtes-europa-do-ndryshoje","status":"publish","type":"post","link":"https:\/\/zjarr.tv\/en\/italia-prin-aleancen-e-ekstremit-te-djathte-salvini-lamtumire-te-majtes-europa-do-ndryshoje\/","title":{"rendered":"Italia prin aleanc\u00ebn e ekstremit t\u00eb djatht\u00eb, Salvini: Lamtumir\u00eb t\u00eb majt\u00ebs, Europa do ndryshoj\u00eb"},"content":{"rendered":"<p><em>E djathta ekstreme n\u00eb Europ\u00eb pritet t\u00eb formoj\u00eb nj\u00eb koalicion parazgjedhor q\u00eb do t\u00eb garoj\u00eb p\u00ebr zgjedhjet europiane n\u00eb muajin maj. Aleanca pritet t\u00eb konfirmohet gjat\u00eb nj\u00eb takimi t\u00eb thirrur t\u00eb h\u00ebn\u00ebn e ardhshme n\u00eb Milano nga an\u00ebtari i kabinetit qeveritar italian, Mateo Salvini. Pjes\u00ebmarr\u00ebsit do t\u00eb parashtrojn\u00eb nj\u00eb s\u00ebr\u00eb idesh p\u00ebr &#8220;Europ\u00ebn ndryshe&#8221;, mes tyre sovranitet m\u00eb t\u00eb madh nga Brukseli, politika m\u00eb t\u00eb ashpra emigracioni, dhe ruajtjen e identitetit europian.<\/em><\/p>\n<p>Partit\u00eb e ekstremit t\u00eb djatht\u00eb n\u00eb Europ\u00eb pritet t\u00eb formojn\u00eb nj\u00eb aleanc\u00eb shum\u00ebpal\u00ebshe me synimin p\u00ebr t\u00eb garuar si nj\u00eb forc\u00eb e vetme n\u00eb zgjedhjet e ardhshme europiane.<\/p>\n<p>Mediet italiane raportojn\u00eb se koncepti i nj\u00eb koalicioni parazgjedhor p\u00ebrpara votimeve t\u00eb fundmajit \u00ebsht\u00eb hedhur nga ministri i Brendsh\u00ebm dhe z\u00ebvend\u00ebskryeministri italian, Mateo Salvini.<\/p>\n<p>Kryetari i partis\u00eb djathtiste &#8220;Lidhja&#8221;, i njohur p\u00ebr deklaratat e tij nacionaliste dhe polemizuese, do t\u00eb organizoj\u00eb t\u00eb h\u00ebn\u00ebn n\u00eb Milano nj\u00eb takim me p\u00ebrfaq\u00ebsues t\u00eb spektrit radikal t\u00eb djatht\u00eb nga rreth 20 shtete t\u00eb kontinentit t\u00eb vjet\u00ebr.<\/p>\n<p>Mes tyre jan\u00eb &#8220;Partia p\u00ebr Liri&#8221; e Austris\u00eb, lideri i Alternativ\u00ebs p\u00ebr Gjermanin\u00eb, kryetarja e opozit\u00ebs radikale n\u00eb Franc\u00eb, Marin L\u00eb Pen, partia anti-emigracion e Finland\u00ebs, madje edhe partia e kryeministrit hungarez, Viktor Orban.<\/p>\n<p>Sipas organizator\u00ebve, mesazhi i tyre do t\u00eb jet\u00eb shkrirja n\u00eb nj\u00eb grup t\u00eb vet\u00ebm e partive euroskeptike q\u00eb garojn\u00eb pas disa jav\u00ebsh p\u00ebr poste n\u00eb Parlamentin Europian.<\/p>\n<p>Pjes\u00ebmarr\u00ebsit n\u00eb takim pritet t\u00eb paraqitin propozime p\u00ebr nj\u00eb &#8220;Europ\u00eb ndryshe&#8221;, duke parashtruar ide si mbrojtja e vlerave t\u00eb krishterimit dhe identitetit komb\u00ebtar, ashp\u00ebrsimi i politikave t\u00eb emigracionit n\u00eb BE, dh\u00ebnia fund e fondeve europiane p\u00ebr Turqin\u00eb dhe kufizimi i pushtetit t\u00eb Brukselit n\u00eb lidhje me politikat ekonomike t\u00eb shteteve an\u00ebtare.<\/p>\n<p>Takimi i jav\u00ebs s\u00eb ardhshme \u00ebsht\u00eb komentuar nga disa prej pjes\u00ebmarr\u00ebsve si fillimi i &#8220;pranver\u00ebs europiane&#8221; q\u00eb do i sjell\u00eb d\u00ebme t\u00eb konsiderueshme aksit &#8220;gjermano-francez&#8221; i cili prej koh\u00ebsh dominon politikat m\u00eb madhore t\u00eb kontinentit.<\/p>\n<p>&nbsp;<\/p>","protected":false},"excerpt":{"rendered":"<p>E djathta ekstreme n\u00eb Europ\u00eb pritet t\u00eb formoj\u00eb nj\u00eb koalicion parazgjedhor q\u00eb do t\u00eb garoj\u00eb p\u00ebr zgjedhjet europiane n\u00eb muajin maj. Aleanca pritet t\u00eb konfirmohet gjat\u00eb nj\u00eb takimi t\u00eb thirrur t\u00eb h\u00ebn\u00ebn e ardhshme n\u00eb Milano nga an\u00ebtari i kabinetit qeveritar italian, Mateo Salvini. Pjes\u00ebmarr\u00ebsit do t\u00eb parashtrojn\u00eb nj\u00eb s\u00ebr\u00eb idesh p\u00ebr &#8220;Europ\u00ebn ndryshe&#8221;, mes [&hellip;]<\/p>\n","protected":false},"author":2013,"featured_media":0,"comment_status":"open","ping_status":"closed","sticky":false,"template":"","format":"standard","meta":{"footnotes":""},"categories":[241,191],"tags":[],"class_list":{"0":"post-77251","1":"post","2":"type-post","3":"status-publish","4":"format-standard","6":"category-aktualitet","7":"category-bota"},"_links":{"self":[{"href":"https:\/\/zjarr.tv\/en\/wp-json\/wp\/v2\/posts\/77251","targetHints":{"allow":["GET"]}}],"collection":[{"href":"https:\/\/zjarr.tv\/en\/wp-json\/wp\/v2\/posts"}],"about":[{"href":"https:\/\/zjarr.tv\/en\/wp-json\/wp\/v2\/types\/post"}],"author":[{"embeddable":true,"href":"https:\/\/zjarr.tv\/en\/wp-json\/wp\/v2\/users\/2013"}],"replies":[{"embeddable":true,"href":"https:\/\/zjarr.tv\/en\/wp-json\/wp\/v2\/comments?post=77251"}],"version-history":[{"count":0,"href":"https:\/\/zjarr.tv\/en\/wp-json\/wp\/v2\/posts\/77251\/revisions"}],"wp:attachment":[{"href":"https:\/\/zjarr.tv\/en\/wp-json\/wp\/v2\/media?parent=77251"}],"wp:term":[{"taxonomy":"category","embeddable":true,"href":"https:\/\/zjarr.tv\/en\/wp-json\/wp\/v2\/categories?post=77251"},{"taxonomy":"post_tag","embeddable":true,"href":"https:\/\/zjarr.tv\/en\/wp-json\/wp\/v2\/tags?post=77251"}],"curies":[{"name":"wp","href":"https:\/\/api.w.org\/{rel}","templated":true}]}}