{"id":77253,"date":"2019-04-04T15:17:31","date_gmt":"2019-04-04T13:17:31","guid":{"rendered":"https:\/\/zjarr.tv\/?p=77253"},"modified":"2019-04-04T15:17:31","modified_gmt":"2019-04-04T13:17:31","slug":"cikagoja-zgjedh-kryebashkiaken-e-pare-afrikano-amerikane","status":"publish","type":"post","link":"https:\/\/zjarr.tv\/en\/cikagoja-zgjedh-kryebashkiaken-e-pare-afrikano-amerikane\/","title":{"rendered":"\u00c7ikagoja zgjedh kryebashkiaken e par\u00eb afrikano-amerikane"},"content":{"rendered":"<p>\u00c7ikagoja ka zgjedhur kryebashkiaken e par\u00eb afrikano-amerikane, Lori Lightfoot, nj\u00eb politikane homoseksuale, e cila po premton t\u00eb nd\u00ebrmarr\u00eb reforma n\u00eb nj\u00eb qytet t\u00eb goditur nga krimi dhe problemet buxhetore. Korrespondenti i Z\u00ebrit t\u00eb Amerik\u00ebs, Mike O&#8217;Sullivan njofton se zonja Lightfoot fitoi me nj\u00eb ep\u00ebrsi t\u00eb madhe, prej gati 50 pik\u00ebsh ndaj kund\u00ebrshtares s\u00eb saj politike, Toni Preckwinkle.<\/p>\n<p>T\u00eb dy kandidat\u00ebt, Lori Lightfoot dhe Toni Preckwinkle, jan\u00eb gra afrikano-amerikane.<\/p>\n<p>Fituesja e zgjedhjeve, 56-vje\u00e7arja Lightfoot, u premtoi mb\u00ebshtet\u00ebsve t\u00eb saj nj\u00eb drejtim t\u00eb ri p\u00ebr qytetin e tret\u00eb m\u00eb t\u00eb madh t\u00eb Amerik\u00ebs.<\/p>\n<p><em>&#8220;Sot, ju arrit\u00ebt t\u00eb b\u00ebni jo vet\u00ebm histori, por gjithashtu krijuat nj\u00eb l\u00ebvizje p\u00ebr ndryshim&#8221;.<\/em><\/p>\n<p>Rivalja e saj 72-vje\u00e7arje \u00ebsht\u00eb shefe ekzekutive e kontes\u00eb Kuk, q\u00eb \u00ebsht\u00eb pjes\u00eb e \u00c7ikagos.<\/p>\n<p>Votuesit e uritur p\u00ebr ndryshim mb\u00ebshtet\u00ebn zonj\u00ebn Lightfoot.<\/p>\n<p><em>&#8220;Jam gati p\u00ebr ardhjen e nj\u00eb drejtuesi t\u00eb ri, me ide t\u00eb reja p\u00ebr qytetin&#8221;,\u00a0<\/em>thot\u00eb Marcia Lewis, mb\u00ebshtet\u00ebse e kryebashkiakes s\u00eb zgjedhur t\u00eb \u00c7ikagos.<\/p>\n<p>\u00c7ikagoja pati m\u00eb shum\u00eb se 550 vrasje vitin e kaluar, nj\u00eb r\u00ebnie n\u00eb krahasim me dy vitet e m\u00ebparshme, por m\u00eb shum\u00eb se Los Anxhelosi dhe Nju Jorku s\u00eb bashku. Departamenti amerikan i Drejt\u00ebsis\u00eb ka akuzuar departamentin e policis\u00eb n\u00eb \u00c7ikago p\u00ebr p\u00ebrdorim t\u00eb tepruar t\u00eb forc\u00ebs dhe p\u00ebr nj\u00ebanshm\u00ebri racore.<\/p>\n<p>Duke marr\u00eb parasysh q\u00eb dhuna me arm\u00eb nxitet nga tregtia e drog\u00ebs dhe pabarazia racore, nj\u00eb analiste thot\u00eb se \u00c7ikagoja \u00ebsht\u00eb v\u00ebrtet nj\u00eb qytet i ndar\u00eb n\u00eb dy pjes\u00eb mjaft t\u00eb dallueshme.<\/p>\n<p><em>&#8220;N\u00eb nj\u00ebr\u00ebn an\u00eb \u00ebsht\u00eb qendra e bukur dhe lagjet shum\u00eb t\u00eb pasura dhe t\u00eb sigurta t\u00eb qytetit, nd\u00ebrsa n\u00eb an\u00ebn tjet\u00ebr jan\u00eb lagjet q\u00eb p\u00ebrballen me shum\u00eb v\u00ebshtir\u00ebsi dhe ndarje ekstreme dhe t\u00eb vazhdueshme racore q\u00eb ka qen\u00eb trash\u00ebgimia e \u00c7ikagos&#8221;,\u00a0<\/em>thot\u00eb Constance Mixon e kolegjit Elmhurst.<\/p>\n<p>\u00c7ikagoja \u00ebsht\u00eb nj\u00eb qytet ku dominojn\u00eb demokrat\u00ebt. Ish-presidenti Barak Obama e filloi karrier\u00ebn e tij politike n\u00eb k\u00ebt\u00eb qytet.<\/p>\n<p>Shefi i tij i personelit n\u00eb Sht\u00ebpin\u00eb se Bardh\u00eb, Rahm Emanuel, ka qen\u00eb kryetar i bashkis\u00eb q\u00eb nga viti 2011.<\/p>\n<p>Sot, pakicat dominojn\u00eb, por nj\u00eb tjet\u00ebr analiste thot\u00eb se zgjedhjet nuk kan\u00eb t\u00eb b\u00ebjn\u00eb me rac\u00ebn.<\/p>\n<p><em>&#8220;\u00cbsht\u00eb e v\u00ebshtir\u00eb t\u00eb mos mendosh se qyteti dhe udh\u00ebheq\u00ebsit e tij na kan\u00eb kthyer shpin\u00ebn. K\u00ebshtu q\u00eb zgjedhja e dikujt tjet\u00ebr q\u00eb t\u00eb ngjan ty, nuk do t\u00eb thot\u00eb se do t\u00eb punoj\u00eb p\u00ebr ty&#8221;,<\/em>\u00a0thot\u00eb konsulentja Delmarie Cobb.<\/p>\n<p>Kandidatja q\u00eb humbi u zotua se do ta mb\u00ebshtes\u00eb fituesen.<\/p>\n<p><em>&#8220;Jo shum\u00eb koh\u00eb m\u00eb par\u00eb, konkurrimi i dy grave afrikano-amerikane p\u00ebr k\u00ebt\u00eb pozit\u00eb do t\u00eb ishte i paimagjinuesh\u00ebm. Edhe pse mund t\u00eb jet\u00eb e v\u00ebrtet\u00eb q\u00eb ne kemi ndjekur rrug\u00eb t\u00eb ndryshme p\u00ebr t\u00eb arritur k\u00ebtu, sonte duhet t\u00eb p\u00ebrq\u00ebndrohemi n\u00eb rrug\u00ebn q\u00eb na \u00e7on p\u00ebrpara&#8221;.<\/em><\/p>\n<p>Kryebashkiaken e re e pret nj\u00eb pun\u00eb e madhe p\u00ebr trajtimin e sfidave t\u00eb shumta t\u00eb qytetit.<\/p>\n<p>&nbsp;<\/p>","protected":false},"excerpt":{"rendered":"<p>\u00c7ikagoja ka zgjedhur kryebashkiaken e par\u00eb afrikano-amerikane, Lori Lightfoot, nj\u00eb politikane homoseksuale, e cila po premton t\u00eb nd\u00ebrmarr\u00eb reforma n\u00eb nj\u00eb qytet t\u00eb goditur nga krimi dhe problemet buxhetore. Korrespondenti i Z\u00ebrit t\u00eb Amerik\u00ebs, Mike O&#8217;Sullivan njofton se zonja Lightfoot fitoi me nj\u00eb ep\u00ebrsi t\u00eb madhe, prej gati 50 pik\u00ebsh ndaj kund\u00ebrshtares s\u00eb saj politike, [&hellip;]<\/p>\n","protected":false},"author":2013,"featured_media":77254,"comment_status":"open","ping_status":"closed","sticky":false,"template":"","format":"standard","meta":{"footnotes":""},"categories":[241,191],"tags":[],"class_list":{"0":"post-77253","1":"post","2":"type-post","3":"status-publish","4":"format-standard","5":"has-post-thumbnail","7":"category-aktualitet","8":"category-bota"},"_links":{"self":[{"href":"https:\/\/zjarr.tv\/en\/wp-json\/wp\/v2\/posts\/77253","targetHints":{"allow":["GET"]}}],"collection":[{"href":"https:\/\/zjarr.tv\/en\/wp-json\/wp\/v2\/posts"}],"about":[{"href":"https:\/\/zjarr.tv\/en\/wp-json\/wp\/v2\/types\/post"}],"author":[{"embeddable":true,"href":"https:\/\/zjarr.tv\/en\/wp-json\/wp\/v2\/users\/2013"}],"replies":[{"embeddable":true,"href":"https:\/\/zjarr.tv\/en\/wp-json\/wp\/v2\/comments?post=77253"}],"version-history":[{"count":0,"href":"https:\/\/zjarr.tv\/en\/wp-json\/wp\/v2\/posts\/77253\/revisions"}],"wp:featuredmedia":[{"embeddable":true,"href":"https:\/\/zjarr.tv\/en\/wp-json\/wp\/v2\/media\/77254"}],"wp:attachment":[{"href":"https:\/\/zjarr.tv\/en\/wp-json\/wp\/v2\/media?parent=77253"}],"wp:term":[{"taxonomy":"category","embeddable":true,"href":"https:\/\/zjarr.tv\/en\/wp-json\/wp\/v2\/categories?post=77253"},{"taxonomy":"post_tag","embeddable":true,"href":"https:\/\/zjarr.tv\/en\/wp-json\/wp\/v2\/tags?post=77253"}],"curies":[{"name":"wp","href":"https:\/\/api.w.org\/{rel}","templated":true}]}}