{"id":77256,"date":"2019-04-04T15:26:11","date_gmt":"2019-04-04T13:26:11","guid":{"rendered":"https:\/\/zjarr.tv\/?p=77256"},"modified":"2019-04-04T15:26:11","modified_gmt":"2019-04-04T13:26:11","slug":"spiropali-pd-probleme-serioze-me-njohurite","status":"publish","type":"post","link":"https:\/\/zjarr.tv\/en\/spiropali-pd-probleme-serioze-me-njohurite\/","title":{"rendered":"Spiropali: PD probleme serioze me njohurit\u00eb"},"content":{"rendered":"<p>Ministrja e Shtetit p\u00ebr Marredh\u00ebniet me Parlamentin, zedh\u00ebn\u00ebse e Qeveris\u00eb, Elisa Spiropali, i p\u00ebrgjigjet ish-deputetes demokrate Albana Vokshi. P\u00ebrmes nj\u00eb postimi n\u00eb\u00a0 rrjetin social \u201cTwitter\u201d, Spiropali i kujton Vokshit q\u00eb rritja e pagave p\u00ebr t\u00eb gjith\u00eb m\u00ebsuesit, mjek\u00ebt do t\u00eb pasqyrohet n\u00eb pag\u00ebn e marr\u00eb n\u00eb muajin maj. N\u00eb shkrimin e saj, Spiropali nd\u00ebr t\u00eb tjera nuk kursen edhe ironin\u00eb, nd\u00ebrsa shprehet se dalja nga parlamenti i ka shkaktuar probleme serioze edhe n\u00eb njohurit\u00eb p\u00ebr institucionet shtet\u00ebrore.<\/p>\n<p>\u201cI kujtojm\u00eb Partis\u00eb Demokratike q\u00eb pagat e muajit Prill paguhen n\u00eb Maj kur dhe do t\u00eb jet\u00eb e reflektuar rritja p\u00ebr m\u00ebsues e mjek\u00eb. Si duket, dalja nga Parlamenti shkaktoka probleme serioze edhe me njohurit\u00eb mbi institucionet e tjera shtet\u00ebrore\u201d-shkruan Spiropali n\u00eb Twitter.<\/p>\n<p>&nbsp;<\/p>","protected":false},"excerpt":{"rendered":"<p>Ministrja e Shtetit p\u00ebr Marredh\u00ebniet me Parlamentin, zedh\u00ebn\u00ebse e Qeveris\u00eb, Elisa Spiropali, i p\u00ebrgjigjet ish-deputetes demokrate Albana Vokshi. P\u00ebrmes nj\u00eb postimi n\u00eb\u00a0 rrjetin social \u201cTwitter\u201d, Spiropali i kujton Vokshit q\u00eb rritja e pagave p\u00ebr t\u00eb gjith\u00eb m\u00ebsuesit, mjek\u00ebt do t\u00eb pasqyrohet n\u00eb pag\u00ebn e marr\u00eb n\u00eb muajin maj. N\u00eb shkrimin e saj, Spiropali nd\u00ebr t\u00eb [&hellip;]<\/p>\n","protected":false},"author":2013,"featured_media":65947,"comment_status":"open","ping_status":"closed","sticky":false,"template":"","format":"standard","meta":{"footnotes":""},"categories":[235],"tags":[],"class_list":{"0":"post-77256","1":"post","2":"type-post","3":"status-publish","4":"format-standard","5":"has-post-thumbnail","7":"category-vendi"},"_links":{"self":[{"href":"https:\/\/zjarr.tv\/en\/wp-json\/wp\/v2\/posts\/77256","targetHints":{"allow":["GET"]}}],"collection":[{"href":"https:\/\/zjarr.tv\/en\/wp-json\/wp\/v2\/posts"}],"about":[{"href":"https:\/\/zjarr.tv\/en\/wp-json\/wp\/v2\/types\/post"}],"author":[{"embeddable":true,"href":"https:\/\/zjarr.tv\/en\/wp-json\/wp\/v2\/users\/2013"}],"replies":[{"embeddable":true,"href":"https:\/\/zjarr.tv\/en\/wp-json\/wp\/v2\/comments?post=77256"}],"version-history":[{"count":0,"href":"https:\/\/zjarr.tv\/en\/wp-json\/wp\/v2\/posts\/77256\/revisions"}],"wp:featuredmedia":[{"embeddable":true,"href":"https:\/\/zjarr.tv\/en\/wp-json\/wp\/v2\/media\/65947"}],"wp:attachment":[{"href":"https:\/\/zjarr.tv\/en\/wp-json\/wp\/v2\/media?parent=77256"}],"wp:term":[{"taxonomy":"category","embeddable":true,"href":"https:\/\/zjarr.tv\/en\/wp-json\/wp\/v2\/categories?post=77256"},{"taxonomy":"post_tag","embeddable":true,"href":"https:\/\/zjarr.tv\/en\/wp-json\/wp\/v2\/tags?post=77256"}],"curies":[{"name":"wp","href":"https:\/\/api.w.org\/{rel}","templated":true}]}}