{"id":77591,"date":"2019-04-06T15:42:36","date_gmt":"2019-04-06T13:42:36","guid":{"rendered":"https:\/\/zjarr.tv\/?p=77591"},"modified":"2019-04-06T15:42:36","modified_gmt":"2019-04-06T13:42:36","slug":"haradinaj-takime-me-zyrtare-amerikane","status":"publish","type":"post","link":"https:\/\/zjarr.tv\/en\/haradinaj-takime-me-zyrtare-amerikane\/","title":{"rendered":"Haradinaj takime me zyrtar\u00eb amerikan\u00eb"},"content":{"rendered":"<p>Kryeministri Ramush Haradinaj ka mb\u00ebrritur n\u00eb Shtetet e Bashkuara t\u00eb Amerik\u00ebs ku do t\u00eb marr\u00eb pjes\u00eb n\u00eb sh\u00ebnimin e 108-vjetorit t\u00eb Kryengritjes s\u00eb Mal\u00ebsis\u00eb.<\/p>\n<p>Shefi i ekzekutivit kosovar, p\u00ebrmes nj\u00eb postimit n\u00eb Facebook, njoftoi se do t\u00eb zhvilloj\u00eb takime edhe me zyrtar\u00eb n\u00eb Shtetet e Bashkuara t\u00eb Amerik\u00ebs.<\/p>\n<p><em>\u201cSapo kam arritur n\u00eb Shtetet e Bashkuara t\u00eb Amerik\u00ebs, n\u00eb Detroit, ku do t\u00eb marr\u00eb pjes\u00eb n\u00eb sh\u00ebnimin e 108-vjetorit t\u00eb Kryengritjes s\u00eb Mal\u00ebsis\u00eb, me \u00e7\u2019rast do t\u00eb zhvilloj\u00eb takime edhe me p\u00ebrfaq\u00ebsues t\u00eb komunitetit shqiptar n\u00eb Amerik\u00eb, autoritete t\u00eb Detroit-it dhe zyrtar\u00eb tjer\u00eb t\u00eb ShBA-s\u00eb<\/em>\u201d, shkroi Haradinaj.<\/p>\n<p>&nbsp;<\/p>\n<p>&nbsp;<\/p>","protected":false},"excerpt":{"rendered":"<p>Kryeministri Ramush Haradinaj ka mb\u00ebrritur n\u00eb Shtetet e Bashkuara t\u00eb Amerik\u00ebs ku do t\u00eb marr\u00eb pjes\u00eb n\u00eb sh\u00ebnimin e 108-vjetorit t\u00eb Kryengritjes s\u00eb Mal\u00ebsis\u00eb. Shefi i ekzekutivit kosovar, p\u00ebrmes nj\u00eb postimit n\u00eb Facebook, njoftoi se do t\u00eb zhvilloj\u00eb takime edhe me zyrtar\u00eb n\u00eb Shtetet e Bashkuara t\u00eb Amerik\u00ebs. \u201cSapo kam arritur n\u00eb Shtetet e Bashkuara [&hellip;]<\/p>\n","protected":false},"author":2013,"featured_media":62072,"comment_status":"open","ping_status":"closed","sticky":false,"template":"","format":"standard","meta":{"footnotes":""},"categories":[241,2],"tags":[],"class_list":{"0":"post-77591","1":"post","2":"type-post","3":"status-publish","4":"format-standard","5":"has-post-thumbnail","7":"category-aktualitet","8":"category-rajoni"},"_links":{"self":[{"href":"https:\/\/zjarr.tv\/en\/wp-json\/wp\/v2\/posts\/77591","targetHints":{"allow":["GET"]}}],"collection":[{"href":"https:\/\/zjarr.tv\/en\/wp-json\/wp\/v2\/posts"}],"about":[{"href":"https:\/\/zjarr.tv\/en\/wp-json\/wp\/v2\/types\/post"}],"author":[{"embeddable":true,"href":"https:\/\/zjarr.tv\/en\/wp-json\/wp\/v2\/users\/2013"}],"replies":[{"embeddable":true,"href":"https:\/\/zjarr.tv\/en\/wp-json\/wp\/v2\/comments?post=77591"}],"version-history":[{"count":0,"href":"https:\/\/zjarr.tv\/en\/wp-json\/wp\/v2\/posts\/77591\/revisions"}],"wp:featuredmedia":[{"embeddable":true,"href":"https:\/\/zjarr.tv\/en\/wp-json\/wp\/v2\/media\/62072"}],"wp:attachment":[{"href":"https:\/\/zjarr.tv\/en\/wp-json\/wp\/v2\/media?parent=77591"}],"wp:term":[{"taxonomy":"category","embeddable":true,"href":"https:\/\/zjarr.tv\/en\/wp-json\/wp\/v2\/categories?post=77591"},{"taxonomy":"post_tag","embeddable":true,"href":"https:\/\/zjarr.tv\/en\/wp-json\/wp\/v2\/tags?post=77591"}],"curies":[{"name":"wp","href":"https:\/\/api.w.org\/{rel}","templated":true}]}}