{"id":77593,"date":"2019-04-06T15:55:59","date_gmt":"2019-04-06T13:55:59","guid":{"rendered":"https:\/\/zjarr.tv\/?p=77593"},"modified":"2019-04-06T15:55:59","modified_gmt":"2019-04-06T13:55:59","slug":"mediat-e-huaja-granata-plagos-femijen-ne-bulqize","status":"publish","type":"post","link":"https:\/\/zjarr.tv\/en\/mediat-e-huaja-granata-plagos-femijen-ne-bulqize\/","title":{"rendered":"Mediat e huaja: Granata plagos f\u00ebmij\u00ebn n\u00eb Bulqiz\u00eb"},"content":{"rendered":"<p>Mediat m\u00eb t\u00eb r\u00ebnd\u00ebsishme nd\u00ebrkomb\u00ebtare kan\u00eb shkruar p\u00ebr ngjarjen e r\u00ebnd\u00eb t\u00eb ndodhur dje n\u00eb Bulqiz\u00eb, ku nj\u00eb granat\u00eb vrau nj\u00eb vog\u00eblush dhe plagosi motr\u00ebn e tij.<\/p>\n<p>\u201cAssociated Press\u201d shkruan se vog\u00eblushi nd\u00ebrroi jet\u00eb n\u00eb vend pas shp\u00ebrthimit t\u00eb nj\u00eb granate, kurse e motra 9 vje\u00e7e u plagos. \u201cNgjarja e r\u00ebnd\u00eb ndodhi n\u00eb fshatin Kocaj t\u00eb Bulqiz\u00ebs, 130 kilometra larg kryeqytetit t\u00eb Shqip\u00ebris\u00eb, Tiran\u00ebs\u201d, raporton AP.<\/p>\n<p>Gjithashtu, rrjeti nd\u00ebrkomb\u00ebtar \u201cYahoo\u201d e ka vendosur k\u00ebt\u00eb lajm si nd\u00ebr ngjarjet m\u00eb t\u00eb bujshme t\u00eb ndodhura n\u00eb bot\u00eb n\u00eb 24 or\u00ebt e fundit. Edhe media t\u00eb tjera t\u00eb huaja shkruan p\u00ebr tragjedin\u00eb n\u00eb Buqiz\u00eb, ku granata vrau v\u00ebllan\u00eb dhe plagosi t\u00eb motr\u00ebn.<\/p>\n<p>&nbsp;<\/p>","protected":false},"excerpt":{"rendered":"<p>Mediat m\u00eb t\u00eb r\u00ebnd\u00ebsishme nd\u00ebrkomb\u00ebtare kan\u00eb shkruar p\u00ebr ngjarjen e r\u00ebnd\u00eb t\u00eb ndodhur dje n\u00eb Bulqiz\u00eb, ku nj\u00eb granat\u00eb vrau nj\u00eb vog\u00eblush dhe plagosi motr\u00ebn e tij. \u201cAssociated Press\u201d shkruan se vog\u00eblushi nd\u00ebrroi jet\u00eb n\u00eb vend pas shp\u00ebrthimit t\u00eb nj\u00eb granate, kurse e motra 9 vje\u00e7e u plagos. \u201cNgjarja e r\u00ebnd\u00eb ndodhi n\u00eb fshatin Kocaj [&hellip;]<\/p>\n","protected":false},"author":2013,"featured_media":0,"comment_status":"open","ping_status":"closed","sticky":false,"template":"","format":"standard","meta":{"footnotes":""},"categories":[241,191],"tags":[],"class_list":{"0":"post-77593","1":"post","2":"type-post","3":"status-publish","4":"format-standard","6":"category-aktualitet","7":"category-bota"},"_links":{"self":[{"href":"https:\/\/zjarr.tv\/en\/wp-json\/wp\/v2\/posts\/77593","targetHints":{"allow":["GET"]}}],"collection":[{"href":"https:\/\/zjarr.tv\/en\/wp-json\/wp\/v2\/posts"}],"about":[{"href":"https:\/\/zjarr.tv\/en\/wp-json\/wp\/v2\/types\/post"}],"author":[{"embeddable":true,"href":"https:\/\/zjarr.tv\/en\/wp-json\/wp\/v2\/users\/2013"}],"replies":[{"embeddable":true,"href":"https:\/\/zjarr.tv\/en\/wp-json\/wp\/v2\/comments?post=77593"}],"version-history":[{"count":0,"href":"https:\/\/zjarr.tv\/en\/wp-json\/wp\/v2\/posts\/77593\/revisions"}],"wp:attachment":[{"href":"https:\/\/zjarr.tv\/en\/wp-json\/wp\/v2\/media?parent=77593"}],"wp:term":[{"taxonomy":"category","embeddable":true,"href":"https:\/\/zjarr.tv\/en\/wp-json\/wp\/v2\/categories?post=77593"},{"taxonomy":"post_tag","embeddable":true,"href":"https:\/\/zjarr.tv\/en\/wp-json\/wp\/v2\/tags?post=77593"}],"curies":[{"name":"wp","href":"https:\/\/api.w.org\/{rel}","templated":true}]}}