{"id":77614,"date":"2019-04-06T19:00:57","date_gmt":"2019-04-06T17:00:57","guid":{"rendered":"https:\/\/zjarr.tv\/?p=77614"},"modified":"2019-04-06T16:55:31","modified_gmt":"2019-04-06T14:55:31","slug":"disiplina-denon-taren-ne-shenjester-dhe-strakosha","status":"publish","type":"post","link":"https:\/\/zjarr.tv\/en\/disiplina-denon-taren-ne-shenjester-dhe-strakosha\/","title":{"rendered":"Disiplina d\u00ebnon Taren, n\u00eb sh\u00ebnjest\u00ebr dhe Strakosha"},"content":{"rendered":"<p>Protestat ndaj VAR i kan\u00eb kushtuar shtrenjt\u00eb drejtorit sportiv t\u00eb Lazios, Igli Tare. Ish-bomberi i komb\u00ebtares shqiptare kontenstoi ashp\u00ebr vendimin e Marco Guida n\u00eb rastin e penalltis\u00eb s\u00eb akorduar kund\u00ebr tyre n\u00eb ndeshjen ndaj Spal, e fituar nga k\u00ebto t\u00eb fundit me rezultatin 1-0.<br \/>\nN\u00eb vendimin e b\u00ebr\u00eb publik pak minuta m\u00eb par\u00eb, Komisioni i Disiplin\u00ebs e nd\u00ebshkoi me 5 mij\u00eb euro gjob\u00eb Taren, nd\u00ebrkoh\u00eb q\u00eb n\u00eb &#8220;lup\u00ebn&#8221; e tyre ka p\u00ebrfunduar edhe portieri i komb\u00ebtares shqiptare, Thomas Strakosha.\u00a0 24 vje\u00e7ari \u00ebsht\u00eb paralajm\u00ebruar p\u00ebr shkak t\u00eb reagimive kundrejt arbitrit kryesor\u00eb, nd\u00ebrkoh\u00eb q\u00eb bashk\u00eb me futbollistin kuqezi jan\u00eb paralajm\u00ebruar edhe Riza Durmisi, Milan Badelj, Lucas Leiva, Luis Alberto, Stefan Lulic dhe Radu.<\/p>","protected":false},"excerpt":{"rendered":"<p>Protestat ndaj VAR i kan\u00eb kushtuar shtrenjt\u00eb drejtorit sportiv t\u00eb Lazios, Igli Tare. Ish-bomberi i komb\u00ebtares shqiptare kontenstoi ashp\u00ebr vendimin e Marco Guida n\u00eb rastin e penalltis\u00eb s\u00eb akorduar kund\u00ebr tyre n\u00eb ndeshjen ndaj Spal, e fituar nga k\u00ebto t\u00eb fundit me rezultatin 1-0. N\u00eb vendimin e b\u00ebr\u00eb publik pak minuta m\u00eb par\u00eb, Komisioni i [&hellip;]<\/p>\n","protected":false},"author":2013,"featured_media":62824,"comment_status":"open","ping_status":"closed","sticky":false,"template":"","format":"standard","meta":{"footnotes":""},"categories":[241,192],"tags":[],"class_list":{"0":"post-77614","1":"post","2":"type-post","3":"status-publish","4":"format-standard","5":"has-post-thumbnail","7":"category-aktualitet","8":"category-sport"},"_links":{"self":[{"href":"https:\/\/zjarr.tv\/en\/wp-json\/wp\/v2\/posts\/77614","targetHints":{"allow":["GET"]}}],"collection":[{"href":"https:\/\/zjarr.tv\/en\/wp-json\/wp\/v2\/posts"}],"about":[{"href":"https:\/\/zjarr.tv\/en\/wp-json\/wp\/v2\/types\/post"}],"author":[{"embeddable":true,"href":"https:\/\/zjarr.tv\/en\/wp-json\/wp\/v2\/users\/2013"}],"replies":[{"embeddable":true,"href":"https:\/\/zjarr.tv\/en\/wp-json\/wp\/v2\/comments?post=77614"}],"version-history":[{"count":0,"href":"https:\/\/zjarr.tv\/en\/wp-json\/wp\/v2\/posts\/77614\/revisions"}],"wp:featuredmedia":[{"embeddable":true,"href":"https:\/\/zjarr.tv\/en\/wp-json\/wp\/v2\/media\/62824"}],"wp:attachment":[{"href":"https:\/\/zjarr.tv\/en\/wp-json\/wp\/v2\/media?parent=77614"}],"wp:term":[{"taxonomy":"category","embeddable":true,"href":"https:\/\/zjarr.tv\/en\/wp-json\/wp\/v2\/categories?post=77614"},{"taxonomy":"post_tag","embeddable":true,"href":"https:\/\/zjarr.tv\/en\/wp-json\/wp\/v2\/tags?post=77614"}],"curies":[{"name":"wp","href":"https:\/\/api.w.org\/{rel}","templated":true}]}}