{"id":77626,"date":"2019-04-06T19:50:59","date_gmt":"2019-04-06T17:50:59","guid":{"rendered":"https:\/\/zjarr.tv\/?p=77626"},"modified":"2019-04-06T17:21:32","modified_gmt":"2019-04-06T15:21:32","slug":"italia-kujton-termetin-e-tmerrshem-qe-i-mori-jeten-edhe-shqiptareve","status":"publish","type":"post","link":"https:\/\/zjarr.tv\/en\/italia-kujton-termetin-e-tmerrshem-qe-i-mori-jeten-edhe-shqiptareve\/","title":{"rendered":"Italia kujton t\u00ebrmetin e tmerrsh\u00ebm q\u00eb i mori jet\u00ebn edhe shqiptar\u00ebve"},"content":{"rendered":"<p>Italia kujton sot tragjedin\u00eb e t\u00ebrmetit q\u00eb 10 vite m\u00eb par\u00eb goditi qytetin e Aquilas e t\u00ebr\u00eb territorin e rajonit t\u00eb Abruzzos. N\u00eb ora 3.32 t\u00eb m\u00ebngjesit t\u00eb 6 prillit 2009 nj\u00eb l\u00ebkundje sizmike 5.9 ball\u00eb shkaktoi 309 viktima e mbi 1700 t\u00eb plagosur.\u00a0 Mes viktimave pati dhe emigrant\u00eb shqiptar\u00eb e kosovar\u00eb.<\/p>\n<p>Mediat e koh\u00ebs kujtojn\u00eb vog\u00eblushin shqiptar Elsajed Boshti, Refik Asani, Valbona Osmani, Alejna Ajrubi Nurie Abdia si dhe dhjetra emigrant\u00eb t\u00eb tjer\u00eb t\u00eb komb\u00ebsive t\u00eb ndryshme q\u00eb p\u00ebr dit\u00eb me radh\u00eb u rendit\u00ebn n\u00eb list\u00ebn e t\u00eb padukshm\u00ebve,<strong>\u00a0<\/strong>pasi mjaft prej tyre ishin klandestin\u00eb e nuk figuronin t\u00eb regjistruar n\u00eb listat e zyr\u00ebs civile.Shumica punonin n\u00eb nd\u00ebrtim, murator\u00eb e pun\u00ebtor\u00eb q\u00eb kishin nisur t\u00eb nd\u00ebrtonin nj\u00eb t\u00eb ardhme shprese n\u00eb nj\u00eb vend t\u00eb huaj, por me nj\u00eb em\u00ebr mjaft t\u00eb ngjash\u00ebm me atdheun e tyre Aquila-Shqiponja.<\/p>\n<p>M\u00ebngjesin e 10 viteve m\u00eb par\u00eb Italia u godit nga kjo tragjedi e madhe natyrore, t\u00eb cil\u00ebn do ta p\u00ebrjetonte me t\u00eb nj\u00ebjt\u00ebn madh\u00ebsi dhimbje e viktimash, n\u00eb nat\u00ebn e 24 gushtit t\u00eb 2016, n\u00eb t\u00ebrmetin me epiq\u00ebnd\u00ebr Amatricen, n\u00eb Italin\u00eb Q\u00ebndore. N\u00eb at\u00eb koh\u00eb edhe shteti shqiptar dhuroi nj\u00eb ndihm\u00eb financiare p\u00ebr familjet me sht\u00ebpit\u00eb e kthyera n\u00eb g\u00ebrmadha.<\/p>\n<p><strong>Manifestimi i heshtur-\u00a0<\/strong>Gjat\u00eb nat\u00ebs duke u gdhir\u00eb m\u00ebngjesi i sot\u00ebm, kryeministri italian Giuseppe Conte e autoritete t\u00eb larta t\u00eb shtetit e t\u00eb qeverisjes lokale, zhvilluan n\u00eb rrug\u00ebt e Aquilas nj\u00eb manifestim t\u00eb heshtur me pishtar\u00eb e qirinj n\u00eb duar e n\u00ebn 309 tingujt e k\u00ebmban\u00ebs p\u00ebr t\u00eb kujtuar 309 viktimat e k\u00ebsaj tragjedie.<\/p>\n<p>Mes viktimave ishin edhe 55 student\u00eb.<\/p>\n<p>&#8220;Kan\u00eb kaluar 10 vite e kemi detyrimin e memories, u shpreh kryeministri Conte.<\/p>\n<p>&#8216;Prania ime k\u00ebtu \u00ebsht\u00eb d\u00ebshmi se plaga e komunitetit lokal \u00ebsht\u00eb nj\u00eb plag\u00eb p\u00ebr t\u00eb gjith\u00eb kombin.&#8221;<\/p>\n<p>I jan\u00eb bashkuar marshit p\u00ebrkujtimor t\u00eb Aquilas dhe familjar\u00ebt e viktimave si dhe banor\u00eb t\u00eb zonave t\u00eb t\u00ebrmetit q\u00eb rreth 3 vite m\u00eb par\u00eb goditi Italin\u00eb Q\u00ebndrore.<\/p>\n<p>Dhe pse kan\u00eb kaluar 10 vite Aquila e provinca vuajn\u00eb ende problemin e rind\u00ebrtimit t\u00eb nd\u00ebrtesa e zonave t\u00eb shnd\u00ebrruara n\u00eb g\u00ebrmadha.<\/p>\n<p>Kryeministri Conte infomoj se qeveria ka l\u00ebvruar nj\u00eb fond prej 3 miliard\u00eb eurosh p\u00ebrgjat\u00eb k\u00ebtij viti si dhe 11 miliard\u00eb euro p\u00ebr tre vjecarin e ardhsh\u00ebm p\u00ebr t\u00eb zhbllokuar punimet n\u00eb kantieret e rind\u00ebrtimit e p\u00ebr t\u00eb ndihmuar banor\u00ebt e k\u00ebtij territori.<\/p>\n<p>&nbsp;<\/p>","protected":false},"excerpt":{"rendered":"<p>Italia kujton sot tragjedin\u00eb e t\u00ebrmetit q\u00eb 10 vite m\u00eb par\u00eb goditi qytetin e Aquilas e t\u00ebr\u00eb territorin e rajonit t\u00eb Abruzzos. N\u00eb ora 3.32 t\u00eb m\u00ebngjesit t\u00eb 6 prillit 2009 nj\u00eb l\u00ebkundje sizmike 5.9 ball\u00eb shkaktoi 309 viktima e mbi 1700 t\u00eb plagosur.\u00a0 Mes viktimave pati dhe emigrant\u00eb shqiptar\u00eb e kosovar\u00eb. Mediat e koh\u00ebs [&hellip;]<\/p>\n","protected":false},"author":2013,"featured_media":77627,"comment_status":"open","ping_status":"closed","sticky":false,"template":"","format":"standard","meta":{"footnotes":""},"categories":[241,191],"tags":[],"class_list":{"0":"post-77626","1":"post","2":"type-post","3":"status-publish","4":"format-standard","5":"has-post-thumbnail","7":"category-aktualitet","8":"category-bota"},"_links":{"self":[{"href":"https:\/\/zjarr.tv\/en\/wp-json\/wp\/v2\/posts\/77626","targetHints":{"allow":["GET"]}}],"collection":[{"href":"https:\/\/zjarr.tv\/en\/wp-json\/wp\/v2\/posts"}],"about":[{"href":"https:\/\/zjarr.tv\/en\/wp-json\/wp\/v2\/types\/post"}],"author":[{"embeddable":true,"href":"https:\/\/zjarr.tv\/en\/wp-json\/wp\/v2\/users\/2013"}],"replies":[{"embeddable":true,"href":"https:\/\/zjarr.tv\/en\/wp-json\/wp\/v2\/comments?post=77626"}],"version-history":[{"count":0,"href":"https:\/\/zjarr.tv\/en\/wp-json\/wp\/v2\/posts\/77626\/revisions"}],"wp:featuredmedia":[{"embeddable":true,"href":"https:\/\/zjarr.tv\/en\/wp-json\/wp\/v2\/media\/77627"}],"wp:attachment":[{"href":"https:\/\/zjarr.tv\/en\/wp-json\/wp\/v2\/media?parent=77626"}],"wp:term":[{"taxonomy":"category","embeddable":true,"href":"https:\/\/zjarr.tv\/en\/wp-json\/wp\/v2\/categories?post=77626"},{"taxonomy":"post_tag","embeddable":true,"href":"https:\/\/zjarr.tv\/en\/wp-json\/wp\/v2\/tags?post=77626"}],"curies":[{"name":"wp","href":"https:\/\/api.w.org\/{rel}","templated":true}]}}