{"id":77668,"date":"2019-04-06T18:08:13","date_gmt":"2019-04-06T16:08:13","guid":{"rendered":"https:\/\/zjarr.tv\/?p=77668"},"modified":"2019-04-06T18:08:13","modified_gmt":"2019-04-06T16:08:13","slug":"ministria-e-arsimit-pergatit-projektvendimin-per-karten-e-studentit","status":"publish","type":"post","link":"https:\/\/zjarr.tv\/en\/ministria-e-arsimit-pergatit-projektvendimin-per-karten-e-studentit\/","title":{"rendered":"Ministria e Arsimit p\u00ebrgatit projektvendimin p\u00ebr kart\u00ebn e studentit"},"content":{"rendered":"<p>Tre muaj pas p\u00ebrfundimit t\u00eb protest\u00ebs, Ministria e Arsimit ka hartuar rregullat p\u00ebr kart\u00ebn e studentit.<\/p>\n<p>N\u00eb projektvendimin, i cili \u00ebsht\u00eb ende n\u00eb faz\u00ebn e konsultimit, p\u00ebrcaktohen 15 fusha ku t\u00eb rinjt\u00eb do t\u00eb p\u00ebrfitojn\u00eb sh\u00ebrbime me \u00e7mime t\u00eb reduktuara.<\/p>\n<p>Nd\u00ebr to Ministria e Arsimit rendit transportin, \u00e7\u00ebshtjet sociale apo edhe aktivitetet kulturore. P\u00ebr sakt\u00ebsimin e \u00a0tarifave do t\u00eb jen\u00eb bashkit\u00eb q\u00eb do t\u00eb realizojn\u00eb marr\u00ebveshje me kompanit\u00eb private por edhe institucionet.<\/p>\n<p>N\u00eb konsultim me MAS, edhe subjektet q\u00eb ofrojn\u00eb sh\u00ebrbime q\u00eb prekin student\u00ebt do t\u00eb p\u00ebrfshihen n\u00eb k\u00ebt\u00eb kart\u00eb. Bisedimet p\u00ebr tarifa t\u00eb reduktuara n\u00eb k\u00ebt\u00eb rast do t\u00eb realizohen prej Ministris\u00eb s\u00eb Arsimit.<\/p>\n<p>Prodhimi i kart\u00ebs s\u00eb studentit parashikohet t\u00eb kryhet prej bashkive ose nga MAS.<\/p>\n<p>\u00cbsht\u00eb pik\u00ebrisht kjo e fundit q\u00eb do t\u00eb p\u00ebrballoj\u00eb t\u00eb gjitha shpenzimet.<\/p>\n<p>Pas marrjes s\u00eb mendimeve, drafti do t\u00eb kaloj\u00eb p\u00ebr votim n\u00eb qeveri e m\u00eb pas n\u00eb seanc\u00ebn parlamentare.<\/p>\n<p>&nbsp;<\/p>","protected":false},"excerpt":{"rendered":"<p>Tre muaj pas p\u00ebrfundimit t\u00eb protest\u00ebs, Ministria e Arsimit ka hartuar rregullat p\u00ebr kart\u00ebn e studentit. N\u00eb projektvendimin, i cili \u00ebsht\u00eb ende n\u00eb faz\u00ebn e konsultimit, p\u00ebrcaktohen 15 fusha ku t\u00eb rinjt\u00eb do t\u00eb p\u00ebrfitojn\u00eb sh\u00ebrbime me \u00e7mime t\u00eb reduktuara. Nd\u00ebr to Ministria e Arsimit rendit transportin, \u00e7\u00ebshtjet sociale apo edhe aktivitetet kulturore. P\u00ebr sakt\u00ebsimin [&hellip;]<\/p>\n","protected":false},"author":2013,"featured_media":60460,"comment_status":"open","ping_status":"closed","sticky":false,"template":"","format":"standard","meta":{"footnotes":""},"categories":[241,235],"tags":[],"class_list":{"0":"post-77668","1":"post","2":"type-post","3":"status-publish","4":"format-standard","5":"has-post-thumbnail","7":"category-aktualitet","8":"category-vendi"},"_links":{"self":[{"href":"https:\/\/zjarr.tv\/en\/wp-json\/wp\/v2\/posts\/77668","targetHints":{"allow":["GET"]}}],"collection":[{"href":"https:\/\/zjarr.tv\/en\/wp-json\/wp\/v2\/posts"}],"about":[{"href":"https:\/\/zjarr.tv\/en\/wp-json\/wp\/v2\/types\/post"}],"author":[{"embeddable":true,"href":"https:\/\/zjarr.tv\/en\/wp-json\/wp\/v2\/users\/2013"}],"replies":[{"embeddable":true,"href":"https:\/\/zjarr.tv\/en\/wp-json\/wp\/v2\/comments?post=77668"}],"version-history":[{"count":0,"href":"https:\/\/zjarr.tv\/en\/wp-json\/wp\/v2\/posts\/77668\/revisions"}],"wp:featuredmedia":[{"embeddable":true,"href":"https:\/\/zjarr.tv\/en\/wp-json\/wp\/v2\/media\/60460"}],"wp:attachment":[{"href":"https:\/\/zjarr.tv\/en\/wp-json\/wp\/v2\/media?parent=77668"}],"wp:term":[{"taxonomy":"category","embeddable":true,"href":"https:\/\/zjarr.tv\/en\/wp-json\/wp\/v2\/categories?post=77668"},{"taxonomy":"post_tag","embeddable":true,"href":"https:\/\/zjarr.tv\/en\/wp-json\/wp\/v2\/tags?post=77668"}],"curies":[{"name":"wp","href":"https:\/\/api.w.org\/{rel}","templated":true}]}}