{"id":77673,"date":"2019-04-06T18:15:18","date_gmt":"2019-04-06T16:15:18","guid":{"rendered":"https:\/\/zjarr.tv\/?p=77673"},"modified":"2019-04-06T18:15:18","modified_gmt":"2019-04-06T16:15:18","slug":"greqi-emigrantet-perpiqen-te-kalojne-ne-maqedonine-e-veriut","status":"publish","type":"post","link":"https:\/\/zjarr.tv\/en\/greqi-emigrantet-perpiqen-te-kalojne-ne-maqedonine-e-veriut\/","title":{"rendered":"Greqi, emigrant\u00ebt p\u00ebrpiqen t\u00eb kalojn\u00eb n\u00eb Maqedonin\u00eb e Veriut"},"content":{"rendered":"<p>N\u00eb Greqin\u00eb veriore, emigrant\u00eb t\u00eb shumt\u00eb vazhdojn\u00eb t\u00eb q\u00ebndrojn\u00eb n\u00eb \u00e7adra p\u00ebr t\u00eb tret\u00ebn dit\u00eb, t\u00eb nxitur nga njoftimet n\u00eb mediat sociale rreth nj\u00eb l\u00ebvizjeje t\u00eb organizuar p\u00ebr t\u00eb kaluar kufirin drejt Maqedonis\u00eb s\u00eb Veriut. Dhjet\u00ebra emigrant\u00eb po q\u00ebndrojn\u00eb n\u00eb nj\u00eb fush\u00eb t\u00eb hapur pran\u00eb kampit t\u00eb Diavat\u00ebs n\u00eb kufirin me Maqedonin\u00eb e Veriut, megjith\u00eb er\u00ebrat e forta dhe temperaturat e ulta.<\/p>\n<p>Emigrant\u00ebt than\u00eb se donin t\u00eb largoheshin nga Greqia p\u00ebr shkak t\u00eb kushteve t\u00eb k\u00ebqia. Nj\u00eb kolon\u00eb emigrant\u00ebsh u p\u00ebrpoq dje t\u00eb ec\u00eb drejt kufirit por u ndalua nga policia greke. Grupet e vogla t\u00eb emigrant\u00ebve u p\u00ebrplas\u00ebn me polic\u00ebt, t\u00eb cil\u00ebt i kthyen mbrapsht, duke p\u00ebrdorur gaz lotsjell\u00ebs p\u00ebr t&#8217;i shp\u00ebrndar\u00eb. Dhjet\u00ebra mij\u00ebra refugjat\u00eb dhe emigrant\u00eb, kryesisht nga Siria, Iraku dhe Afganistani, kan\u00eb mbetur n\u00eb Greqi q\u00eb nga viti 2016 kur vendet e Ballkanit mbyll\u00ebn kufijt\u00eb. Rruga ballkanike ishte m\u00ebnyra kryesore e kalimit t\u00eb tyre p\u00ebr n\u00eb Evrop\u00ebn Veriore.<\/p>\n<p>&nbsp;<\/p>","protected":false},"excerpt":{"rendered":"<p>N\u00eb Greqin\u00eb veriore, emigrant\u00eb t\u00eb shumt\u00eb vazhdojn\u00eb t\u00eb q\u00ebndrojn\u00eb n\u00eb \u00e7adra p\u00ebr t\u00eb tret\u00ebn dit\u00eb, t\u00eb nxitur nga njoftimet n\u00eb mediat sociale rreth nj\u00eb l\u00ebvizjeje t\u00eb organizuar p\u00ebr t\u00eb kaluar kufirin drejt Maqedonis\u00eb s\u00eb Veriut. Dhjet\u00ebra emigrant\u00eb po q\u00ebndrojn\u00eb n\u00eb nj\u00eb fush\u00eb t\u00eb hapur pran\u00eb kampit t\u00eb Diavat\u00ebs n\u00eb kufirin me Maqedonin\u00eb e Veriut, megjith\u00eb [&hellip;]<\/p>\n","protected":false},"author":2013,"featured_media":77466,"comment_status":"open","ping_status":"closed","sticky":false,"template":"","format":"standard","meta":{"footnotes":""},"categories":[241,2],"tags":[],"class_list":{"0":"post-77673","1":"post","2":"type-post","3":"status-publish","4":"format-standard","5":"has-post-thumbnail","7":"category-aktualitet","8":"category-rajoni"},"_links":{"self":[{"href":"https:\/\/zjarr.tv\/en\/wp-json\/wp\/v2\/posts\/77673","targetHints":{"allow":["GET"]}}],"collection":[{"href":"https:\/\/zjarr.tv\/en\/wp-json\/wp\/v2\/posts"}],"about":[{"href":"https:\/\/zjarr.tv\/en\/wp-json\/wp\/v2\/types\/post"}],"author":[{"embeddable":true,"href":"https:\/\/zjarr.tv\/en\/wp-json\/wp\/v2\/users\/2013"}],"replies":[{"embeddable":true,"href":"https:\/\/zjarr.tv\/en\/wp-json\/wp\/v2\/comments?post=77673"}],"version-history":[{"count":0,"href":"https:\/\/zjarr.tv\/en\/wp-json\/wp\/v2\/posts\/77673\/revisions"}],"wp:featuredmedia":[{"embeddable":true,"href":"https:\/\/zjarr.tv\/en\/wp-json\/wp\/v2\/media\/77466"}],"wp:attachment":[{"href":"https:\/\/zjarr.tv\/en\/wp-json\/wp\/v2\/media?parent=77673"}],"wp:term":[{"taxonomy":"category","embeddable":true,"href":"https:\/\/zjarr.tv\/en\/wp-json\/wp\/v2\/categories?post=77673"},{"taxonomy":"post_tag","embeddable":true,"href":"https:\/\/zjarr.tv\/en\/wp-json\/wp\/v2\/tags?post=77673"}],"curies":[{"name":"wp","href":"https:\/\/api.w.org\/{rel}","templated":true}]}}