{"id":77902,"date":"2019-04-08T14:57:50","date_gmt":"2019-04-08T12:57:50","guid":{"rendered":"https:\/\/zjarr.tv\/?p=77902"},"modified":"2019-04-08T14:57:50","modified_gmt":"2019-04-08T12:57:50","slug":"vlores-pako-e-dyshimite-tek-nje-zyre-noteri","status":"publish","type":"post","link":"https:\/\/zjarr.tv\/en\/vlores-pako-e-dyshimite-tek-nje-zyre-noteri\/","title":{"rendered":"Vlor\u00ebs, pako e dyshimit\u00eb tek nj\u00eb zyr\u00eb noteri"},"content":{"rendered":"<p>Dyshohet p\u00ebr l\u00ebnd\u00eb pals\u00ebse me telekomand\u00eb e vendosur n\u00eb af\u00ebrsi t\u00eb t\u00eb Gjykat\u00ebs s\u00eb Vlor\u00ebs<\/p>\n<p>Nj\u00eb ngjarje e r\u00ebnd\u00eb raportohet t\u00eb jet\u00eb n\u00eb zhvillim n\u00eb Vlor\u00eb, pasi ka dyshime q\u00eb mund t\u00eb jet\u00eb vendosur l\u00ebnd\u00eb plas\u00ebse pran\u00eb godin\u00ebs s\u00eb Gjykat\u00ebs.<\/p>\n<p>Burime t\u00eb Faxweb b\u00ebjn\u00eb me dije se l\u00ebnda e dyshuar plas\u00ebse i \u00ebsht\u00eb vendosur zyr\u00ebs s\u00eb noterit Kosta Papajani.<\/p>\n<p>Policia ka rrethuar t\u00eb gjith\u00eb zon\u00ebn dhe ka vendosur perimet\u00ebr sigurie.<\/p>\n<p>Ka pak detaje nga ana e Policis\u00eb lidhur me\u00a0ate se \u00e7far\u00eb po ndodh dhe p\u00ebr dyshimet e para t\u00eb forcave blu.<\/p>\n<p>Brenda pakos dyshohet se ka l\u00ebnd\u00eb\u00a0plas\u00ebse.<\/p>\n<p>Priten forcat\u00a0speciale xheniere\u00a0per t\u00eb\u00a0verprua<\/p>\n<p>&nbsp;<\/p>","protected":false},"excerpt":{"rendered":"<p>Dyshohet p\u00ebr l\u00ebnd\u00eb pals\u00ebse me telekomand\u00eb e vendosur n\u00eb af\u00ebrsi t\u00eb t\u00eb Gjykat\u00ebs s\u00eb Vlor\u00ebs Nj\u00eb ngjarje e r\u00ebnd\u00eb raportohet t\u00eb jet\u00eb n\u00eb zhvillim n\u00eb Vlor\u00eb, pasi ka dyshime q\u00eb mund t\u00eb jet\u00eb vendosur l\u00ebnd\u00eb plas\u00ebse pran\u00eb godin\u00ebs s\u00eb Gjykat\u00ebs. Burime t\u00eb Faxweb b\u00ebjn\u00eb me dije se l\u00ebnda e dyshuar plas\u00ebse i \u00ebsht\u00eb vendosur zyr\u00ebs [&hellip;]<\/p>\n","protected":false},"author":2013,"featured_media":52664,"comment_status":"open","ping_status":"closed","sticky":false,"template":"","format":"standard","meta":{"footnotes":""},"categories":[241,235],"tags":[],"class_list":{"0":"post-77902","1":"post","2":"type-post","3":"status-publish","4":"format-standard","5":"has-post-thumbnail","7":"category-aktualitet","8":"category-vendi"},"_links":{"self":[{"href":"https:\/\/zjarr.tv\/en\/wp-json\/wp\/v2\/posts\/77902","targetHints":{"allow":["GET"]}}],"collection":[{"href":"https:\/\/zjarr.tv\/en\/wp-json\/wp\/v2\/posts"}],"about":[{"href":"https:\/\/zjarr.tv\/en\/wp-json\/wp\/v2\/types\/post"}],"author":[{"embeddable":true,"href":"https:\/\/zjarr.tv\/en\/wp-json\/wp\/v2\/users\/2013"}],"replies":[{"embeddable":true,"href":"https:\/\/zjarr.tv\/en\/wp-json\/wp\/v2\/comments?post=77902"}],"version-history":[{"count":0,"href":"https:\/\/zjarr.tv\/en\/wp-json\/wp\/v2\/posts\/77902\/revisions"}],"wp:featuredmedia":[{"embeddable":true,"href":"https:\/\/zjarr.tv\/en\/wp-json\/wp\/v2\/media\/52664"}],"wp:attachment":[{"href":"https:\/\/zjarr.tv\/en\/wp-json\/wp\/v2\/media?parent=77902"}],"wp:term":[{"taxonomy":"category","embeddable":true,"href":"https:\/\/zjarr.tv\/en\/wp-json\/wp\/v2\/categories?post=77902"},{"taxonomy":"post_tag","embeddable":true,"href":"https:\/\/zjarr.tv\/en\/wp-json\/wp\/v2\/tags?post=77902"}],"curies":[{"name":"wp","href":"https:\/\/api.w.org\/{rel}","templated":true}]}}